{"id":15719,"date":"2024-10-21T12:44:05","date_gmt":"2024-10-21T10:44:05","guid":{"rendered":"https:\/\/2024.adventupuli.hr\/svi-detalji-ovogodisnjeg-izdanja\/"},"modified":"2024-10-21T13:42:49","modified_gmt":"2024-10-21T11:42:49","slug":"svi-detalji-ovogodisnjeg-izdanja","status":"publish","type":"post","link":"https:\/\/2024.adventupuli.hr\/it\/svi-detalji-ovogodisnjeg-izdanja\/","title":{"rendered":"Tutti i dettagli dell\u2019edizione di quest&#8217;anno"},"content":{"rendered":"\t\t<div data-elementor-type=\"wp-post\" data-elementor-id=\"15719\" class=\"elementor elementor-15719 elementor-15672\">\n\t\t\t\t\t\t<section class=\"elementor-section elementor-top-section elementor-element elementor-element-3fe7e5f elementor-section-boxed elementor-section-height-default elementor-section-height-default\" data-id=\"3fe7e5f\" data-element_type=\"section\">\n\t\t\t\t\t\t<div class=\"elementor-container elementor-column-gap-default\">\n\t\t\t\t\t<div class=\"elementor-column elementor-col-100 elementor-top-column elementor-element elementor-element-598d017\" data-id=\"598d017\" data-element_type=\"column\">\n\t\t\t<div class=\"elementor-widget-wrap elementor-element-populated\">\n\t\t\t\t\t\t<div class=\"elementor-element elementor-element-b14b4f9 elementor-widget elementor-widget-text-editor\" data-id=\"b14b4f9\" data-element_type=\"widget\" data-settings=\"{&quot;ekit_we_effect_on&quot;:&quot;none&quot;}\" data-widget_type=\"text-editor.default\">\n\t\t\t\t<div class=\"elementor-widget-container\">\n\t\t\t\t\t\t\t<p style=\"text-align: justify;\">L&#8217;Avvento a Pola inizier\u00e0 ufficialmente il 1\u00b0 dicembre 2024 e durer\u00e0 fino al 6 gennaio 2025. Il programma di quest&#8217;anno \u00e8 stato presentato oggi durante la conferenza stampa dal sindaco della Citt\u00e0 di Pola, Filip Zori\u010di\u0107, dalla direttrice dell&#8217;Ente per il turismo di Pola, Sanja Cinkopan Korotaj, e dalla direttrice dell&#8217;istituzione pubblica Pula Film Festival, Tanja Mili\u010di\u0107.<\/p><p style=\"text-align: justify;\">La grande novit\u00e0 \u00e8 che, oltre ai luoghi dell&#8217;Avvento come la Piazza Port\u2019Aurea, i Giardini, Il mercato di Pola e il Parco della Citt\u00e0 di Graz, l&#8217;Avvento si arricchisce di un altro luogo: l&#8217;Arena! Il programma ufficiale inizia domenica 1\u00b0dicembre, quando, come ogni anno, presso la fontana in via Ciscutti verr\u00e0 accesa la prima candela dell&#8217;Avvento, mentre la sera alla Piazza Port\u2019Aurea il gruppo metal Jelusick aprir\u00e0 il programma musicale. L&#8217;arena risplender\u00e0 in tutto il suo splendore il 6 dicembre, quando verr\u00e0 ufficialmente aperta la pista di ghiaccio. L&#8217;ingresso all&#8217;Arena sar\u00e0 gratuito, mentre la pista sar\u00e0 a pagamento.<\/p><p style=\"text-align: justify;\">&#8220;L&#8217;Avvento di Pola quest&#8217;anno sar\u00e0 uno dei migliori di sempre e siamo lieti di avere un Avvento dedicato a tutte le generazioni. Quest&#8217;anno, l&#8217;Arena risplender\u00e0 anche nel periodo invernale e credo che questo porter\u00e0 molti ospiti da tutta la regione, perch\u00e9 l&#8217;Avvento di Pola sar\u00e0 sicuramente uno dei pi\u00f9 attraenti d&#8217;Europa. Sono convinto che questo rappresenti un buon valore turistico aggiuntivo per la nostra citt\u00e0 e ringrazio tutti per la collaborazione. Pola \u00e8 una delle principali destinazioni estive e ora puntiamo a conquistare questo titolo anche per l&#8217;Avvento in Croazia&#8221;, ha dichiarato il sindaco di Pola, Filip Zori\u010di\u0107, invitando allo stesso tempo il pubblico al tradizionale concerto di Natale a Teatro, che si terr\u00e0 il 13 dicembre.<\/p><p style=\"text-align: justify;\">Sanja Cinkopan Korotaj ha sottolineato che si pensava all&#8217;Avvento nell&#8217;Arena gi\u00e0 da molto tempo e finalmente ci\u00f2 \u00e8 avvenuto. \u00c8 stato approvato il concetto della societ\u00e0 Inspiro Lab, che realizzer\u00e0 tutti gli elementi luminosi e le soluzioni scenografiche uniche esclusivamente per l&#8217;Arena. Nell&#8217;Arena ci sar\u00e0 una pista di pattinaggio di 600 metri quadrati e tutti i visitatori potranno godere del nuovo spirito dell&#8217;Avvento a Pola.<\/p>\t\t\t\t\t\t<\/div>\n\t\t\t\t<\/div>\n\t\t\t\t\t<\/div>\n\t\t<\/div>\n\t\t\t\t\t<\/div>\n\t\t<\/section>\n\t\t\t\t<section class=\"elementor-section elementor-top-section elementor-element elementor-element-c035cee elementor-section-boxed elementor-section-height-default elementor-section-height-default\" data-id=\"c035cee\" data-element_type=\"section\">\n\t\t\t\t\t\t<div class=\"elementor-container elementor-column-gap-default\">\n\t\t\t\t\t<div class=\"elementor-column elementor-col-100 elementor-top-column elementor-element elementor-element-4206181\" data-id=\"4206181\" data-element_type=\"column\">\n\t\t\t<div class=\"elementor-widget-wrap elementor-element-populated\">\n\t\t\t\t\t\t<div class=\"elementor-element elementor-element-dcdfe99 elementor-widget elementor-widget-image\" data-id=\"dcdfe99\" data-element_type=\"widget\" data-settings=\"{&quot;ekit_we_effect_on&quot;:&quot;none&quot;}\" data-widget_type=\"image.default\">\n\t\t\t\t<div class=\"elementor-widget-container\">\n\t\t\t\t\t\t\t\t\t\t\t\t\t<img fetchpriority=\"high\" decoding=\"async\" width=\"800\" height=\"563\" src=\"https:\/\/2024.adventupuli.hr\/wp-content\/uploads\/2024\/10\/Advent-press-1024x721.jpg\" class=\"attachment-large size-large wp-image-15677\" alt=\"\" srcset=\"https:\/\/2024.adventupuli.hr\/wp-content\/uploads\/2024\/10\/Advent-press-1024x721.jpg 1024w, https:\/\/2024.adventupuli.hr\/wp-content\/uploads\/2024\/10\/Advent-press-300x211.jpg 300w, https:\/\/2024.adventupuli.hr\/wp-content\/uploads\/2024\/10\/Advent-press-768x541.jpg 768w, https:\/\/2024.adventupuli.hr\/wp-content\/uploads\/2024\/10\/Advent-press-1536x1082.jpg 1536w, https:\/\/2024.adventupuli.hr\/wp-content\/uploads\/2024\/10\/Advent-press.jpg 1600w\" sizes=\"(max-width: 800px) 100vw, 800px\" \/>\t\t\t\t\t\t\t\t\t\t\t\t\t<\/div>\n\t\t\t\t<\/div>\n\t\t\t\t\t<\/div>\n\t\t<\/div>\n\t\t\t\t\t<\/div>\n\t\t<\/section>\n\t\t\t\t<section class=\"elementor-section elementor-top-section elementor-element elementor-element-6dc5edc elementor-section-boxed elementor-section-height-default elementor-section-height-default\" data-id=\"6dc5edc\" data-element_type=\"section\">\n\t\t\t\t\t\t<div class=\"elementor-container elementor-column-gap-default\">\n\t\t\t\t\t<div class=\"elementor-column elementor-col-100 elementor-top-column elementor-element elementor-element-897cafe\" data-id=\"897cafe\" data-element_type=\"column\">\n\t\t\t<div class=\"elementor-widget-wrap elementor-element-populated\">\n\t\t\t\t\t\t<div class=\"elementor-element elementor-element-c471854 elementor-widget elementor-widget-text-editor\" data-id=\"c471854\" data-element_type=\"widget\" data-settings=\"{&quot;ekit_we_effect_on&quot;:&quot;none&quot;}\" data-widget_type=\"text-editor.default\">\n\t\t\t\t<div class=\"elementor-widget-container\">\n\t\t\t\t\t\t\t<p style=\"text-align: justify;\">Tanja Mili\u010di\u0107, ha ringraziato il sindaco per aver proposto di tenere la conferenza stampa nell&#8217;Arena e ha presentato un programma musicale interessante per i gusti pi\u00f9 diversi: Rambo Amadeus, Livio Morosin Band, Nika Turkovi\u0107, Pavel, Klapa Cambi con Trio, Denis &amp; Denis, Queen Sensation, Frekation, Pocket Palma, Kawasaki 3P, Urban &amp; 4 e Konstrakta &amp; Zemlja Grooves.<\/p><p style=\"text-align: justify;\">Alla Piazza Port&#8217;Aurea per l&#8217;Arrivo dell&#8217;Anno Nuovo a mezzogiorno saranno responsabili Mrle &amp; Ivanka, mentre per quello serale ci sar\u00e0 Elemental. Uno dei cantanti pi\u00f9 noti della Croazia, Petar Gra\u0161o, far\u00e0 ballare tutti visitatori alla Piazza Foro.<\/p><p style=\"text-align: justify;\">Come in passato, il luogo principale per i bambini rimane il Parco della Citt\u00e0 di Graz, dove, oltre al parco divertimenti, i pi\u00f9 piccoli potranno godere di un programma culturale e di intrattenimento estremamente ricco. Riaprir\u00e0 con gioia le sue porte la lussuosa casa di Babbo Natale, dove i bambini potranno scrivergli una lettera e metterla subito nella cassetta della posta. Dal 21 al 30 dicembre, il Trenino felice gratuito percorrer\u00e0 la citt\u00e0, il cui percorso comprender\u00e0 tutti i luoghi dell&#8217;Avvento. Infine, ha ringraziato lo sponsor di lunga data dell&#8217;Avvento a Pola: Zagreba\u010dka banka.<\/p><p style=\"text-align: justify;\">L&#8217;organizzatore principale dell&#8217;Avvento a Pola \u00e8 l&#8217;Ente pubblico Pula Film Festival, lo sponsor principale \u00e8 la Citt\u00e0 di Pola e lo sponsor per il turismo \u00e8 l&#8217;Ente per il Turismo della Citt\u00e0 di Pola. L\u2019autrice del design di quest&#8217;anno \u00e8 la designer Gordana Brborovi\u0107.<\/p>\t\t\t\t\t\t<\/div>\n\t\t\t\t<\/div>\n\t\t\t\t\t<\/div>\n\t\t<\/div>\n\t\t\t\t\t<\/div>\n\t\t<\/section>\n\t\t\t\t<\/div>\n\t\t","protected":false},"excerpt":{"rendered":"<p>L&#8217;Avvento a Pola inizier\u00e0 ufficialmente il 1\u00b0 dicembre 2024 e durer\u00e0 fino al 6 gennaio 2025. Il programma di quest&#8217;anno \u00e8 stato presentato oggi durante la conferenza stampa dal sindaco della Citt\u00e0 di Pola, Filip Zori\u010di\u0107, dalla direttrice dell&#8217;Ente per il turismo di Pola, Sanja Cinkopan Korotaj, e dalla direttrice dell&#8217;istituzione pubblica Pula Film Festival, [&hellip;]<\/p>\n","protected":false},"author":1,"featured_media":15727,"comment_status":"open","ping_status":"open","sticky":false,"template":"","format":"standard","meta":{"_acf_changed":false,"footnotes":""},"categories":[250],"tags":[],"class_list":["post-15719","post","type-post","status-publish","format-standard","has-post-thumbnail","hentry","category-notizie"],"aioseo_notices":[],"acf":[],"_links":{"self":[{"href":"https:\/\/2024.adventupuli.hr\/it\/wp-json\/wp\/v2\/posts\/15719"}],"collection":[{"href":"https:\/\/2024.adventupuli.hr\/it\/wp-json\/wp\/v2\/posts"}],"about":[{"href":"https:\/\/2024.adventupuli.hr\/it\/wp-json\/wp\/v2\/types\/post"}],"author":[{"embeddable":true,"href":"https:\/\/2024.adventupuli.hr\/it\/wp-json\/wp\/v2\/users\/1"}],"replies":[{"embeddable":true,"href":"https:\/\/2024.adventupuli.hr\/it\/wp-json\/wp\/v2\/comments?post=15719"}],"version-history":[{"count":4,"href":"https:\/\/2024.adventupuli.hr\/it\/wp-json\/wp\/v2\/posts\/15719\/revisions"}],"predecessor-version":[{"id":15723,"href":"https:\/\/2024.adventupuli.hr\/it\/wp-json\/wp\/v2\/posts\/15719\/revisions\/15723"}],"wp:featuredmedia":[{"embeddable":true,"href":"https:\/\/2024.adventupuli.hr\/it\/wp-json\/wp\/v2\/media\/15727"}],"wp:attachment":[{"href":"https:\/\/2024.adventupuli.hr\/it\/wp-json\/wp\/v2\/media?parent=15719"}],"wp:term":[{"taxonomy":"category","embeddable":true,"href":"https:\/\/2024.adventupuli.hr\/it\/wp-json\/wp\/v2\/categories?post=15719"},{"taxonomy":"post_tag","embeddable":true,"href":"https:\/\/2024.adventupuli.hr\/it\/wp-json\/wp\/v2\/tags?post=15719"}],"curies":[{"name":"wp","href":"https:\/\/api.w.org\/{rel}","templated":true}]}}