{"id":15754,"date":"2024-10-23T11:32:10","date_gmt":"2024-10-23T09:32:10","guid":{"rendered":"https:\/\/2024.adventupuli.hr\/javni-poziv-za-adventske-kucice\/"},"modified":"2024-10-23T12:34:53","modified_gmt":"2024-10-23T10:34:53","slug":"javni-poziv-za-adventske-kucice","status":"publish","type":"post","link":"https:\/\/2024.adventupuli.hr\/it\/javni-poziv-za-adventske-kucice\/","title":{"rendered":"Aperto l\u2019invito pubblico per le case dell&#8217;Avvento"},"content":{"rendered":"\t\t<div data-elementor-type=\"wp-post\" data-elementor-id=\"15754\" class=\"elementor elementor-15754 elementor-15729\">\n\t\t\t\t\t\t<section class=\"elementor-section elementor-top-section elementor-element elementor-element-2a9099b elementor-section-boxed elementor-section-height-default elementor-section-height-default\" data-id=\"2a9099b\" data-element_type=\"section\">\n\t\t\t\t\t\t<div class=\"elementor-container elementor-column-gap-default\">\n\t\t\t\t\t<div class=\"elementor-column elementor-col-100 elementor-top-column elementor-element elementor-element-2529b38\" data-id=\"2529b38\" data-element_type=\"column\">\n\t\t\t<div class=\"elementor-widget-wrap elementor-element-populated\">\n\t\t\t\t\t\t<div class=\"elementor-element elementor-element-705ed89 elementor-widget elementor-widget-text-editor\" data-id=\"705ed89\" data-element_type=\"widget\" data-settings=\"{&quot;ekit_we_effect_on&quot;:&quot;none&quot;}\" data-widget_type=\"text-editor.default\">\n\t\t\t\t<div class=\"elementor-widget-container\">\n\t\t\t\t\t\t\t<p style=\"text-align: justify;\">Ai sensi della Decisione del Consiglio d\u2019amministrazione del Pula Film Festival adottata nella riunione del 21 ottobre 2024 nonch\u00e9 del Programma di lavoro annuale e il piano finanziario adottati per il 2024, l&#8217;Ente pubblico Pula Film Festival bandisce il seguente<\/p><p style=\"text-align: center;\"><strong>INVITO PUBBLICO<\/strong><\/p><p style=\"text-align: justify;\">a manifestare interesse alla gara d\u2019appalto orale per l&#8217;affitto di casette per lo svolgimento di attivit\u00e0 enogastronomiche e commerciali durante la manifestazione &#8220;Advent u Puli &#8211; L&#8217;Avvento a Pola 2024&#8221;.<\/p><p style=\"text-align: center;\"><strong> I. Disposizioni generali<\/strong><\/p><p style=\"text-align: justify;\">L\u2019oggetto della gara \u00e8 l&#8217;affitto di casette prefabbricate in legno durante la manifestazione &#8220;Advent u Puli &#8211; L&#8217;Avvento a Pola&#8221; nei seguenti luoghi: Giardini, Piazza Port\u2019Aurea e Parco della citt\u00e0 di Graz, nel periodo dal 1 dicembre 2024 al 31 dicembre 2024 (la Notte di San Silvestro inclusa), nonch\u00e9 presso la pista di pattinaggio sul ghiaccio nell\u2019anfiteatro romano, Arena di Pola, nel periodo dal 6 dicembre 2024 al 6 gennaio 2025.<\/p><p style=\"text-align: justify;\">Gli offerenti avranno l\u2019opportunit\u00e0 di partecipare alla gara d\u2019appalto orale che si svolger\u00e0 il 5 novembre 2024 alle ore 12:00 presso il Cinema Valli, Pula-Pola, Giardini 1.<\/p><p style=\"text-align: justify;\">La domanda di partecipazione alla gara d\u2019appalto orale deve essere inviata all&#8217;organizzatore, l\u2019Ente pubblico Pula Film Festival, con la sigla &#8220;Per l&#8217;Avvento a Pola 2024 &#8211; non aprire&#8221; a mezzo posta all&#8217;indirizzo Uspon na Ka\u0161tel 2, 52100 Pula-Pola o consegnata di persona presso l\u2019Ufficio di segreteria (stesso indirizzo, 1\u00b0 piano, nei giorni lavorativi dalle ore 9:00 alle ore 15:00), entro e non oltre il 4 novembre 2024 ore 12:00, indipendentemente dalle modalit\u00e0 di presentazione della domanda di partecipazione. Il contenuto della domanda \u00e8 disciplinato dal punto IV del presente Invito pubblico. Il 4 \u00a0novembre 2024, presso la sede dell&#8217;organizzatore, la commissione esaminer\u00e0 la documentazione presentata e notificher\u00e0 gli offerenti quanto all&#8217;adempimento dei criteri di idoneit\u00e0 per la partecipazione alla gara d\u2019appalto.<\/p><p style=\"text-align: center;\"><strong> II. Oggetto di affitto, importo di affitto e orari di lavoro delle casette<\/strong><\/p><p style=\"text-align: justify;\">La disposizione delle casette con una breve descrizione dei contenuti della manifestazione \u00e8 disponibile sul sito web dell&#8217;organizzatore <a href=\"http:\/\/www.adventupuli.hr\">www.adventupuli.hr<\/a>. L&#8217;oggetto di affitto, Importo iniziale del canone di affitto (IVA non inclusa) e l&#8217;orario di lavoro delle casette si definiscono come segue:<\/p><p style=\"text-align: justify;\"><strong><u>LUOGO &#8211; PIAZZA PORT\u2019AUREA<\/u><\/strong><\/p><p style=\"text-align: justify;\">Gli affittuari si obbligano a decorare la casetta da soli e secondo le istruzioni dell&#8217;organizzatore.<\/p><p style=\"text-align: justify;\">I colori di lampadine consentiti: bianco caldo.<\/p><p><strong>I) Una (1) casetta in legno di 4m x 3m \u2013 V1 <\/strong><\/p><p style=\"text-align: justify;\">Attivit\u00e0: enogastronomica, con pietanze dolci e salate obbligatorie nell\u2019offerta<\/p><p style=\"text-align: justify;\">Elettricit\u00e0: 2 prese Schuko di 16 A, fino a 6 kW complessivi<\/p><p style=\"text-align: justify;\">Importo iniziale del canone di affitto: 4.2000,00 \u20ac<\/p><p style=\"text-align: justify;\">Terrazza: 8mq<\/p><p><strong>II) Una (1) casetta in legno di 3m x 2m \u2013 S1<\/strong><\/p><p style=\"text-align: justify;\">Attivit\u00e0: enogastronomica, con pietanze dolci e salate obbligatorie nell\u2019offerta<\/p><p style=\"text-align: justify;\">Elettricit\u00e0: 2 prese Schuko di 16 A, fino a 6 kW complessivi<\/p><p style=\"text-align: justify;\">Importo iniziale del canone di affitto: 3.200,00 \u20ac<\/p><p style=\"text-align: justify;\">Terrazza: 6mq<\/p><p style=\"text-align: justify;\"><strong>III) Una (1) casetta in legno di 3m x 2m \u2013 S2<\/strong><\/p><p style=\"text-align: justify;\">Attivit\u00e0: enogastronomica<\/p><p style=\"text-align: justify;\">Elettricit\u00e0: 2 prese Schuko di 16 A, fino a 6 kW complessivi<\/p><p style=\"text-align: justify;\">Importo iniziale del canone di affitto: 3.200,00 \u20ac<\/p><p style=\"text-align: justify;\">Terrazza: 12mq (requisito: possibilit\u00e0 di spostare la terrazza per consentire lo svuotamento dei contenitori per rifiuti interrati)<\/p><p><strong>IV) Una (1) casetta in legno di 2m x 2m \u2013 M1<\/strong><\/p><p style=\"text-align: justify;\">Attivit\u00e0: enogastronomica<\/p><p style=\"text-align: justify;\">Elettricit\u00e0: 2 prese Schuko di 16 A, fino a 6 kW complessivi<\/p><p style=\"text-align: justify;\">Importo iniziale del canone di affitto: 2.700,00 \u20ac<\/p><p style=\"text-align: justify;\">Terrazza: 12mq (requisito: possibilit\u00e0 di spostare la terrazza per consentire l\u2019accesso alla Piazza Port\u2019Aurea)<\/p><p style=\"text-align: justify;\">\u00a0<\/p><p style=\"text-align: justify;\">Orario di lavoro obbligatorio:<\/p><p style=\"text-align: justify;\">dalle 10:00 alle 13:00 e dalle 16:00 alle 21:00, massimo fino alle 00:00<\/p><p style=\"text-align: justify;\">Il 31 dicembre 2024 \u2013 esteso, fino alle 05:00 del 1 gennaio 2025<\/p>\t\t\t\t\t\t<\/div>\n\t\t\t\t<\/div>\n\t\t\t\t\t<\/div>\n\t\t<\/div>\n\t\t\t\t\t<\/div>\n\t\t<\/section>\n\t\t\t\t<section class=\"elementor-section elementor-top-section elementor-element elementor-element-3d5c5e4 elementor-section-boxed elementor-section-height-default elementor-section-height-default\" data-id=\"3d5c5e4\" data-element_type=\"section\">\n\t\t\t\t\t\t<div class=\"elementor-container elementor-column-gap-default\">\n\t\t\t\t\t<div class=\"elementor-column elementor-col-100 elementor-top-column elementor-element elementor-element-13041c9\" data-id=\"13041c9\" data-element_type=\"column\">\n\t\t\t<div class=\"elementor-widget-wrap elementor-element-populated\">\n\t\t\t\t\t\t<div class=\"elementor-element elementor-element-69723aa elementor-widget elementor-widget-image\" data-id=\"69723aa\" data-element_type=\"widget\" data-settings=\"{&quot;ekit_we_effect_on&quot;:&quot;none&quot;}\" data-widget_type=\"image.default\">\n\t\t\t\t<div class=\"elementor-widget-container\">\n\t\t\t\t\t\t\t\t\t\t\t\t\t\t<a href=\"https:\/\/2024.adventupuli.hr\/wp-content\/uploads\/2024\/10\/Lokacija-Giardini-i-Portarata.png\" data-elementor-open-lightbox=\"yes\" data-elementor-lightbox-title=\"Lokacija - Giardini i Portarata\" data-e-action-hash=\"#elementor-action%3Aaction%3Dlightbox%26settings%3DeyJpZCI6MTU3MzQsInVybCI6Imh0dHBzOlwvXC8yMDI0LmFkdmVudHVwdWxpLmhyXC93cC1jb250ZW50XC91cGxvYWRzXC8yMDI0XC8xMFwvTG9rYWNpamEtR2lhcmRpbmktaS1Qb3J0YXJhdGEucG5nIn0%3D\">\n\t\t\t\t\t\t\t<img fetchpriority=\"high\" decoding=\"async\" width=\"801\" height=\"372\" src=\"https:\/\/2024.adventupuli.hr\/wp-content\/uploads\/2024\/10\/Lokacija-Giardini-i-Portarata.png\" class=\"attachment-full size-full wp-image-15734\" alt=\"\" srcset=\"https:\/\/2024.adventupuli.hr\/wp-content\/uploads\/2024\/10\/Lokacija-Giardini-i-Portarata.png 801w, https:\/\/2024.adventupuli.hr\/wp-content\/uploads\/2024\/10\/Lokacija-Giardini-i-Portarata-300x139.png 300w, https:\/\/2024.adventupuli.hr\/wp-content\/uploads\/2024\/10\/Lokacija-Giardini-i-Portarata-768x357.png 768w\" sizes=\"(max-width: 801px) 100vw, 801px\" \/>\t\t\t\t\t\t\t\t<\/a>\n\t\t\t\t\t\t\t\t\t\t\t\t\t<\/div>\n\t\t\t\t<\/div>\n\t\t\t\t\t<\/div>\n\t\t<\/div>\n\t\t\t\t\t<\/div>\n\t\t<\/section>\n\t\t\t\t<section class=\"elementor-section elementor-top-section elementor-element elementor-element-fb506bd elementor-section-boxed elementor-section-height-default elementor-section-height-default\" data-id=\"fb506bd\" data-element_type=\"section\">\n\t\t\t\t\t\t<div class=\"elementor-container elementor-column-gap-default\">\n\t\t\t\t\t<div class=\"elementor-column elementor-col-100 elementor-top-column elementor-element elementor-element-da293b3\" data-id=\"da293b3\" data-element_type=\"column\">\n\t\t\t<div class=\"elementor-widget-wrap elementor-element-populated\">\n\t\t\t\t\t\t<div class=\"elementor-element elementor-element-bed5330 elementor-widget elementor-widget-text-editor\" data-id=\"bed5330\" data-element_type=\"widget\" data-settings=\"{&quot;ekit_we_effect_on&quot;:&quot;none&quot;}\" data-widget_type=\"text-editor.default\">\n\t\t\t\t<div class=\"elementor-widget-container\">\n\t\t\t\t\t\t\t<p style=\"text-align: justify;\"><strong><u>LUOGO &#8211; GIARDINI<\/u><\/strong><\/p><p style=\"text-align: justify;\">Gli affittuari si obbligano a decorare la casetta da soli e secondo le istruzioni dell&#8217;organizzatore.<\/p><p style=\"text-align: justify;\">I colori di lampadine consentiti: bianco caldo.<\/p><p><strong>I) Una (1) casetta in legno di forma esagonale \u2013 H1<\/strong><\/p><p style=\"text-align: justify;\">Attivit\u00e0: enogastronomica, con pietanze dolci e salate obbligatorie nell\u2019offerta<\/p><p style=\"text-align: justify;\">Elettricit\u00e0: 2 prese Schuko di 16 A, fino a 6 kW complessivi<\/p><p style=\"text-align: justify;\">Importo iniziale del canone di affitto: 3.700,00 \u20ac<\/p><p style=\"text-align: justify;\">Terrazza: coperta di 15mq<\/p><p><strong>II) Una (1) casetta in legno di 4m x 3m \u2013 V2<\/strong><\/p><p style=\"text-align: justify;\">Attivit\u00e0: enogastronomica, con pietanze dolci e salate obbligatorie nell\u2019offerta<\/p><p style=\"text-align: justify;\">Elettricit\u00e0: 2 prese Schuko di 16 A, fino a 6 kW complessivi<\/p><p style=\"text-align: justify;\">Importo iniziale del canone di affitto: 4.200,00 \u20ac<\/p><p style=\"text-align: justify;\">Terrazza: 8 mq<\/p><p style=\"text-align: justify;\"><strong>III) Una (1) casetta in legno di forma esagonale \u2013 H2<\/strong><\/p><p style=\"text-align: justify;\">Attivit\u00e0: enogastronomica<\/p><p style=\"text-align: justify;\">Elettricit\u00e0: 2 prese Schuko di 16 A, fino a 6 kW complessivi<\/p><p style=\"text-align: justify;\">Importo iniziale del canone di affitto: 3.700,00 \u20ac<\/p><p style=\"text-align: justify;\">Terrazza: coperta di 15mq<\/p><p><strong>IV) Una (1) casetta in legno di 3m x 2m \u2013 S3 <\/strong><\/p><p style=\"text-align: justify;\">Attivit\u00e0: enogastronomica<\/p><p style=\"text-align: justify;\">Elettricit\u00e0: 2 prese Schuko di 16 A, fino a 6 kW complessivi<\/p><p style=\"text-align: justify;\">Importo iniziale del canone di affitto: 3.200,00 \u20ac<\/p><p style=\"text-align: justify;\">Terrazza: 12mq<\/p><p><strong>V) Una (1) casetta in legno di 2m x 2m \u2013 M2<\/strong><\/p><p style=\"text-align: justify;\">Attivit\u00e0: enogastronomica (minimo 50% dell\u2019offerta si deve basare sulle pietanze dolci)<\/p><p style=\"text-align: justify;\">Elettricit\u00e0: 2 prese Schuko di 16 A, fino a 6 kW complessivi<\/p><p style=\"text-align: justify;\">Importo iniziale del canone di affitto: 2.500,00 \u20ac<\/p><p style=\"text-align: justify;\">Terrazza: 12mq<\/p><p><strong>VI) Una (1) casetta in legno di 2m x 2m \u2013 M3<\/strong><\/p><p style=\"text-align: justify;\"><strong>L&#8217;attivit\u00e0 commerciale include quanto segue: prodotti locali confezionati, articoli artigianali, dolci confezionati, souvenir autoctoni, decorazioni natalizie fatte a mano e prodotti tradizionali croati. Se la vendita include prodotti locali, non \u00e8 consentita la lavorazione e la somministrazione degli stessi.<\/strong><\/p><p style=\"text-align: justify;\">Attivit\u00e0: commerciale\/enogastronomica<\/p><p style=\"text-align: justify;\">Elettricit\u00e0: 2 prese Schuko di 16 A, fino a 6 kW complessivi<\/p><p style=\"text-align: justify;\">Importo iniziale del canone di affitto: 1.600,00 \u20ac attivit\u00e0 commerciale, 2.500,00 \u20ac attivit\u00e0 enogastronomica<\/p><p style=\"text-align: justify;\">Terrazza: 12mq<\/p><p style=\"text-align: justify;\"><strong>VII) Una (1) casetta in legno di 2m x 2m \u2013 M4<\/strong><\/p><p style=\"text-align: justify;\">Attivit\u00e0: enogastronomica<\/p><p style=\"text-align: justify;\">Elettricit\u00e0: 2 prese Schuko di 16 A, fino a 6 kW complessivi<\/p><p style=\"text-align: justify;\">Importo iniziale del canone di affitto: 2.000,00 \u20ac<\/p><p style=\"text-align: justify;\">Terrazza: terrazza condivisa con le casette M5 e M6<\/p><p style=\"text-align: justify;\"><strong>VIII) Una (1) casetta in legno di 2m x 2m \u2013 M5<\/strong><\/p><p style=\"text-align: justify;\">Attivit\u00e0: enogastronomica<\/p><p style=\"text-align: justify;\">Elettricit\u00e0: 2 prese Schuko di 16 A, fino a 6 kW complessivi<\/p><p style=\"text-align: justify;\">Importo iniziale del canone di affitto: 2.000,00 \u20ac<\/p><p style=\"text-align: justify;\">Terrazza: condivisa con le casette M4 e M6<\/p><p><strong>IX) Una (1) casetta in legno di 2m x 2m \u2013 M6<\/strong><\/p><p style=\"text-align: justify;\">Attivit\u00e0: enogastronomica, 50% dell\u2019offerta deve essere basata sulle pietanze dolci (frittelle, cialde, crepes ecc.)<\/p><p style=\"text-align: justify;\">Elettricit\u00e0: 2 prese Schuko di 16 A, fino a 6 kW complessivi<\/p><p style=\"text-align: justify;\">Importo iniziale del canone di affitto: 2.000,00 \u20ac<\/p><p style=\"text-align: justify;\">Terrazza: condivisa con le casette M4 e M5<\/p><p style=\"text-align: justify;\">\u00a0<\/p><p style=\"text-align: justify;\">Orario di lavoro obbligatorio:<\/p><p style=\"text-align: justify;\">dalle 10:00 alle 13:00 e dalle 16:00 alle 21:00, massimo fino alle 00:00<\/p><p style=\"text-align: justify;\">Il 31 dicembre 2024 \u2013 esteso, fino alle 05:00 del 1 gennaio 2025<\/p><p style=\"text-align: justify;\">\u00a0<\/p><p style=\"text-align: justify;\">Gli offerenti che presentano l&#8217;offerta per espletare l&#8217;attivit\u00e0 commerciale avranno il diritto di priorit\u00e0 nell\u2019Invito e durante la gara d\u2019appalto. Se all\u2019Invito non parteciper\u00e0 un numero sufficiente di offerenti dell&#8217;attivit\u00e0 commerciale, possono partecipare alla gara anche gli offerenti che presentano offerte per espletare le attivit\u00e0 enogastronomiche.<\/p>\t\t\t\t\t\t<\/div>\n\t\t\t\t<\/div>\n\t\t\t\t\t<\/div>\n\t\t<\/div>\n\t\t\t\t\t<\/div>\n\t\t<\/section>\n\t\t\t\t<section class=\"elementor-section elementor-top-section elementor-element elementor-element-e80e802 elementor-section-boxed elementor-section-height-default elementor-section-height-default\" data-id=\"e80e802\" data-element_type=\"section\">\n\t\t\t\t\t\t<div class=\"elementor-container elementor-column-gap-default\">\n\t\t\t\t\t<div class=\"elementor-column elementor-col-100 elementor-top-column elementor-element elementor-element-b2452ee\" data-id=\"b2452ee\" data-element_type=\"column\">\n\t\t\t<div class=\"elementor-widget-wrap elementor-element-populated\">\n\t\t\t\t\t\t<div class=\"elementor-element elementor-element-56e8c22 elementor-widget elementor-widget-image\" data-id=\"56e8c22\" data-element_type=\"widget\" data-settings=\"{&quot;ekit_we_effect_on&quot;:&quot;none&quot;}\" data-widget_type=\"image.default\">\n\t\t\t\t<div class=\"elementor-widget-container\">\n\t\t\t\t\t\t\t\t\t\t\t\t\t\t<a href=\"https:\/\/2024.adventupuli.hr\/wp-content\/uploads\/2024\/10\/Lokacija-gornji-Giardini.png\" data-elementor-open-lightbox=\"yes\" data-elementor-lightbox-title=\"Lokacija - gornji Giardini\" data-e-action-hash=\"#elementor-action%3Aaction%3Dlightbox%26settings%3DeyJpZCI6MTU3MzYsInVybCI6Imh0dHBzOlwvXC8yMDI0LmFkdmVudHVwdWxpLmhyXC93cC1jb250ZW50XC91cGxvYWRzXC8yMDI0XC8xMFwvTG9rYWNpamEtZ29ybmppLUdpYXJkaW5pLnBuZyJ9\">\n\t\t\t\t\t\t\t<img decoding=\"async\" width=\"716\" height=\"548\" src=\"https:\/\/2024.adventupuli.hr\/wp-content\/uploads\/2024\/10\/Lokacija-gornji-Giardini.png\" class=\"attachment-large size-large wp-image-15736\" alt=\"\" srcset=\"https:\/\/2024.adventupuli.hr\/wp-content\/uploads\/2024\/10\/Lokacija-gornji-Giardini.png 716w, https:\/\/2024.adventupuli.hr\/wp-content\/uploads\/2024\/10\/Lokacija-gornji-Giardini-300x230.png 300w\" sizes=\"(max-width: 716px) 100vw, 716px\" \/>\t\t\t\t\t\t\t\t<\/a>\n\t\t\t\t\t\t\t\t\t\t\t\t\t<\/div>\n\t\t\t\t<\/div>\n\t\t\t\t\t<\/div>\n\t\t<\/div>\n\t\t\t\t\t<\/div>\n\t\t<\/section>\n\t\t\t\t<section class=\"elementor-section elementor-top-section elementor-element elementor-element-b490bd6 elementor-section-boxed elementor-section-height-default elementor-section-height-default\" data-id=\"b490bd6\" data-element_type=\"section\">\n\t\t\t\t\t\t<div class=\"elementor-container elementor-column-gap-default\">\n\t\t\t\t\t<div class=\"elementor-column elementor-col-100 elementor-top-column elementor-element elementor-element-f874bb0\" data-id=\"f874bb0\" data-element_type=\"column\">\n\t\t\t<div class=\"elementor-widget-wrap elementor-element-populated\">\n\t\t\t\t\t\t<div class=\"elementor-element elementor-element-fc4486c elementor-widget elementor-widget-text-editor\" data-id=\"fc4486c\" data-element_type=\"widget\" data-settings=\"{&quot;ekit_we_effect_on&quot;:&quot;none&quot;}\" data-widget_type=\"text-editor.default\">\n\t\t\t\t<div class=\"elementor-widget-container\">\n\t\t\t\t\t\t\t<p style=\"text-align: justify;\"><strong><u>LUOGO \u2013 PISTA DI PATTINAGGIO SUL GHIACCIO ( dentro l\u2019anfiteatro romano, l\u2019Arena di Pola)<\/u><\/strong><\/p><p style=\"text-align: justify;\"><strong><u>Dentro l\u2019Arena non \u00e8 consentito preparare cibi fritti in olio (nessun tipo di barbecue n\u00e9 di altri dispositivi che producono olio di scarto).<\/u><\/strong><\/p><p style=\"text-align: justify;\">Gli affittuari si obbligano a decorare la casetta da soli e secondo le istruzioni dell&#8217;organizzatore.<\/p><p style=\"text-align: justify;\">I colori di lampadine consentiti: bianco caldo.<\/p><p><strong>I) Una (1) casetta in legno di 3m x 2m \u2013 S4<\/strong><\/p><p style=\"text-align: justify;\">Attivit\u00e0: enogastronomica, con pietanze dolci e salate obbligatorie nell\u2019offerta<\/p><p style=\"text-align: justify;\">Elettricit\u00e0: 2 prese Schuko di 16 A, fino a 6 kW complessivi<\/p><p style=\"text-align: justify;\">Importo iniziale del canone di affitto: 4.000,00 \u20ac<\/p><p><strong>II) Una (1) casetta in legno di 3m x 2m \u2013 S5<\/strong><\/p><p style=\"text-align: justify;\">Attivit\u00e0: enogastronomica (minimo 50% dell\u2019offerta deve essere basata sulle pietanze dolci)<\/p><p style=\"text-align: justify;\">Elettricit\u00e0: 2 prese Schuko di 16 A, fino a 6 kW complessivi<\/p><p style=\"text-align: justify;\">Importo iniziale del canone di affitto: 4.000,00 \u20ac<\/p><p style=\"text-align: justify;\"><strong>III) Una (1) casetta in legno di 3m x 2m \u2013 S6<\/strong><\/p><p style=\"text-align: justify;\">Attivit\u00e0: enogastronomica<\/p><p style=\"text-align: justify;\">Elettricit\u00e0: 2 prese Schuko di 16 A, fino a 6 kW complessivi<\/p><p style=\"text-align: justify;\">Importo iniziale del canone di affitto: 4.000,00 \u20ac<\/p><p style=\"text-align: justify;\">\u00a0<\/p><p style=\"text-align: justify;\">Orario di lavoro obbligatorio:<\/p><p style=\"text-align: justify;\">Luned\u00ec-venerd\u00ec: dalle 10:00 alle 22:00<\/p><p style=\"text-align: justify;\">Sabato, domenica e giorni festivi: dalle 10:00 alle 23:00<\/p>\t\t\t\t\t\t<\/div>\n\t\t\t\t<\/div>\n\t\t\t\t<div class=\"elementor-element elementor-element-2106c94 elementor-widget elementor-widget-image\" data-id=\"2106c94\" data-element_type=\"widget\" data-settings=\"{&quot;ekit_we_effect_on&quot;:&quot;none&quot;}\" data-widget_type=\"image.default\">\n\t\t\t\t<div class=\"elementor-widget-container\">\n\t\t\t\t\t\t\t\t\t\t\t\t\t\t<a href=\"https:\/\/2024.adventupuli.hr\/wp-content\/uploads\/2024\/10\/aRENA-UNUTRA.png\" data-elementor-open-lightbox=\"yes\" data-elementor-lightbox-title=\"aRENA UNUTRA\" data-e-action-hash=\"#elementor-action%3Aaction%3Dlightbox%26settings%3DeyJpZCI6MTU3MzEsInVybCI6Imh0dHBzOlwvXC8yMDI0LmFkdmVudHVwdWxpLmhyXC93cC1jb250ZW50XC91cGxvYWRzXC8yMDI0XC8xMFwvYVJFTkEtVU5VVFJBLnBuZyJ9\">\n\t\t\t\t\t\t\t<img decoding=\"async\" width=\"1134\" height=\"542\" src=\"https:\/\/2024.adventupuli.hr\/wp-content\/uploads\/2024\/10\/aRENA-UNUTRA.png\" class=\"attachment-full size-full wp-image-15731\" alt=\"\" srcset=\"https:\/\/2024.adventupuli.hr\/wp-content\/uploads\/2024\/10\/aRENA-UNUTRA.png 1134w, https:\/\/2024.adventupuli.hr\/wp-content\/uploads\/2024\/10\/aRENA-UNUTRA-300x143.png 300w, https:\/\/2024.adventupuli.hr\/wp-content\/uploads\/2024\/10\/aRENA-UNUTRA-1024x489.png 1024w, https:\/\/2024.adventupuli.hr\/wp-content\/uploads\/2024\/10\/aRENA-UNUTRA-768x367.png 768w\" sizes=\"(max-width: 1134px) 100vw, 1134px\" \/>\t\t\t\t\t\t\t\t<\/a>\n\t\t\t\t\t\t\t\t\t\t\t\t\t<\/div>\n\t\t\t\t<\/div>\n\t\t\t\t<div class=\"elementor-element elementor-element-fa90df9 elementor-widget elementor-widget-text-editor\" data-id=\"fa90df9\" data-element_type=\"widget\" data-settings=\"{&quot;ekit_we_effect_on&quot;:&quot;none&quot;}\" data-widget_type=\"text-editor.default\">\n\t\t\t\t<div class=\"elementor-widget-container\">\n\t\t\t\t\t\t\t<p style=\"text-align: justify;\"><strong><u>LUOGO \u2013 PISTA DI PATTINAGGIO SUL GHIACCIO (spiazzo davanti l\u2019Arena)<\/u><\/strong><\/p><p style=\"text-align: justify;\"><strong><u>A differenza della precedente posizione (all&#8217;interno dell&#8217;Arena), \u00e8 consentita anche la preparazione di cibi con\/nell\u2019 olio.<\/u><\/strong><\/p><p style=\"text-align: justify;\">Gli affittuari si obbligano a decorare la casetta da soli e secondo le istruzioni dell&#8217;organizzatore.<\/p><p style=\"text-align: justify;\">I colori di lampadine consentiti: bianco caldo.<\/p><p style=\"text-align: justify;\"><strong>I) Una (1) casetta in legno di 3m x 2m \u2013 S7<\/strong><\/p><p style=\"text-align: justify;\">Attivit\u00e0: enogastronomica, con pietanze dolci e salate obbligatorie nell\u2019offerta<\/p><p style=\"text-align: justify;\">Elettricit\u00e0: 2 prese Schuko di 16 A, fino a 6 kW complessivi<\/p><p style=\"text-align: justify;\">Importo iniziale del canone di affitto: 3.200,00 \u20ac<\/p><p style=\"text-align: justify;\">Terrazza: condivisa con la casetta M7 (30mq)<\/p><p><strong>II) Una (1) casetta in legno di 2m x 2m \u2013 M7<\/strong><\/p><p style=\"text-align: justify;\">Attivit\u00e0: enogastronomica<\/p><p style=\"text-align: justify;\">Elettricit\u00e0: 2 prese Schuko di 16 A, fino a 6 kW complessivi<\/p><p style=\"text-align: justify;\">Importo iniziale del canone di affitto: 2.200,00 \u20ac<\/p><p style=\"text-align: justify;\">Terrazza: condivisa con la casetta S7 (30mq)<\/p><p style=\"text-align: justify;\">\u00a0<\/p><p style=\"text-align: justify;\">Orario di lavoro obbligatorio:<\/p><p style=\"text-align: justify;\">Luned\u00ec-venerd\u00ec: dalle 10:00 alle 22:00<\/p><p style=\"text-align: justify;\">Sabato, domenica e giorni festivi: dalle 10:00 alle 23:00<\/p>\t\t\t\t\t\t<\/div>\n\t\t\t\t<\/div>\n\t\t\t\t\t<\/div>\n\t\t<\/div>\n\t\t\t\t\t<\/div>\n\t\t<\/section>\n\t\t\t\t<section class=\"elementor-section elementor-top-section elementor-element elementor-element-a99a731 elementor-section-boxed elementor-section-height-default elementor-section-height-default\" data-id=\"a99a731\" data-element_type=\"section\">\n\t\t\t\t\t\t<div class=\"elementor-container elementor-column-gap-default\">\n\t\t\t\t\t<div class=\"elementor-column elementor-col-100 elementor-top-column elementor-element elementor-element-4e8fed9\" data-id=\"4e8fed9\" data-element_type=\"column\">\n\t\t\t<div class=\"elementor-widget-wrap elementor-element-populated\">\n\t\t\t\t\t\t<div class=\"elementor-element elementor-element-fcc8ee1 elementor-widget elementor-widget-image\" data-id=\"fcc8ee1\" data-element_type=\"widget\" data-settings=\"{&quot;ekit_we_effect_on&quot;:&quot;none&quot;}\" data-widget_type=\"image.default\">\n\t\t\t\t<div class=\"elementor-widget-container\">\n\t\t\t\t\t\t\t\t\t\t\t\t\t\t<a href=\"https:\/\/2024.adventupuli.hr\/wp-content\/uploads\/2024\/10\/Lokacija-Plato-ispred-Arene.png\" data-elementor-open-lightbox=\"yes\" data-elementor-lightbox-title=\"Lokacija - Plato ispred Arene\" data-e-action-hash=\"#elementor-action%3Aaction%3Dlightbox%26settings%3DeyJpZCI6MTU3NDAsInVybCI6Imh0dHBzOlwvXC8yMDI0LmFkdmVudHVwdWxpLmhyXC93cC1jb250ZW50XC91cGxvYWRzXC8yMDI0XC8xMFwvTG9rYWNpamEtUGxhdG8taXNwcmVkLUFyZW5lLnBuZyJ9\">\n\t\t\t\t\t\t\t<img loading=\"lazy\" decoding=\"async\" width=\"753\" height=\"529\" src=\"https:\/\/2024.adventupuli.hr\/wp-content\/uploads\/2024\/10\/Lokacija-Plato-ispred-Arene.png\" class=\"attachment-full size-full wp-image-15740\" alt=\"\" srcset=\"https:\/\/2024.adventupuli.hr\/wp-content\/uploads\/2024\/10\/Lokacija-Plato-ispred-Arene.png 753w, https:\/\/2024.adventupuli.hr\/wp-content\/uploads\/2024\/10\/Lokacija-Plato-ispred-Arene-300x211.png 300w\" sizes=\"(max-width: 753px) 100vw, 753px\" \/>\t\t\t\t\t\t\t\t<\/a>\n\t\t\t\t\t\t\t\t\t\t\t\t\t<\/div>\n\t\t\t\t<\/div>\n\t\t\t\t\t<\/div>\n\t\t<\/div>\n\t\t\t\t\t<\/div>\n\t\t<\/section>\n\t\t\t\t<section class=\"elementor-section elementor-top-section elementor-element elementor-element-bbf8207 elementor-section-boxed elementor-section-height-default elementor-section-height-default\" data-id=\"bbf8207\" data-element_type=\"section\">\n\t\t\t\t\t\t<div class=\"elementor-container elementor-column-gap-default\">\n\t\t\t\t\t<div class=\"elementor-column elementor-col-100 elementor-top-column elementor-element elementor-element-ddf8be2\" data-id=\"ddf8be2\" data-element_type=\"column\">\n\t\t\t<div class=\"elementor-widget-wrap elementor-element-populated\">\n\t\t\t\t\t\t<div class=\"elementor-element elementor-element-958c393 elementor-widget elementor-widget-text-editor\" data-id=\"958c393\" data-element_type=\"widget\" data-settings=\"{&quot;ekit_we_effect_on&quot;:&quot;none&quot;}\" data-widget_type=\"text-editor.default\">\n\t\t\t\t<div class=\"elementor-widget-container\">\n\t\t\t\t\t\t\t<p style=\"text-align: justify;\"><strong><u>LUOGO \u2013 PARCO DELLA CITT\u00c0 DI GRAZ<\/u><\/strong><\/p><p style=\"text-align: justify;\">Gli affittuari si obbligano a decorare la casetta da soli e secondo le istruzioni dell&#8217;organizzatore.<\/p><p style=\"text-align: justify;\">I colori di lampadine consentiti: bianco caldo.<\/p><p style=\"text-align: justify;\"><strong>I) Una (1) casetta in legno di 3m x 2m \u2013 S8<\/strong><\/p><p style=\"text-align: justify;\">Attivit\u00e0: enogastronomica, con pietanze dolci e salate obbligatorie nell\u2019offerta<\/p><p style=\"text-align: justify;\">Elettricit\u00e0: 2 prese Schuko di 16 A, fino a 6 kW complessivi<\/p><p style=\"text-align: justify;\">Importo iniziale del canone di affitto: 3.500,00 \u20ac<\/p><p><strong>II) Una (1) casetta in legno di 2m x 2m \u2013 M8<\/strong><\/p><p style=\"text-align: justify;\">Attivit\u00e0: enogastronomica, con pietanze dolci obbligatorie nell\u2019offerta<\/p><p style=\"text-align: justify;\">Elettricit\u00e0: 2 prese Schuko di 16 A, fino a 6 kW complessivi<\/p><p style=\"text-align: justify;\">Importo iniziale del canone di affitto: 2.500,00 \u20ac<\/p><p style=\"text-align: justify;\"><strong>III) Una (1) casetta in legno di 2m x 2m \u2013 M9<\/strong><\/p><p style=\"text-align: justify;\">Attivit\u00e0: enogastronomica, con pietanze dolci obbligatorie nell\u2019offerta<\/p><p style=\"text-align: justify;\">Elettricit\u00e0: 2 prese Schuko di 16 A, fino a 6 kW complessivi<\/p><p style=\"text-align: justify;\">Importo iniziale del canone di affitto: 2.500,00 \u20ac<\/p><p><strong>IV) Una (1) casetta in legno di 2m x 2m \u2013 M10<\/strong><\/p><p style=\"text-align: justify;\">Attivit\u00e0: enogastronomica<\/p><p style=\"text-align: justify;\">Elettricit\u00e0: 2 prese Schuko di 16 A, fino a 6 kW complessivi<\/p><p style=\"text-align: justify;\">Importo iniziale del canone di affitto: 2.500,00 \u20ac<\/p><p style=\"text-align: justify;\">\u00a0<\/p><p style=\"text-align: justify;\">Orario di lavoro obbligatorio:<\/p><p style=\"text-align: justify;\">dalle 10:00 alle 13:00 e dalle 16:00 alle 21:00, massimo fino alle 00:00<\/p><p style=\"text-align: justify;\">Il 31 dicembre 2024 \u2013 esteso, fino alle 05:00 del 1 gennaio 2025<\/p>\t\t\t\t\t\t<\/div>\n\t\t\t\t<\/div>\n\t\t\t\t\t<\/div>\n\t\t<\/div>\n\t\t\t\t\t<\/div>\n\t\t<\/section>\n\t\t\t\t<section class=\"elementor-section elementor-top-section elementor-element elementor-element-d13ca76 elementor-section-boxed elementor-section-height-default elementor-section-height-default\" data-id=\"d13ca76\" data-element_type=\"section\">\n\t\t\t\t\t\t<div class=\"elementor-container elementor-column-gap-default\">\n\t\t\t\t\t<div class=\"elementor-column elementor-col-100 elementor-top-column elementor-element elementor-element-dee5e52\" data-id=\"dee5e52\" data-element_type=\"column\">\n\t\t\t<div class=\"elementor-widget-wrap elementor-element-populated\">\n\t\t\t\t\t\t<div class=\"elementor-element elementor-element-1f20fea elementor-widget elementor-widget-image\" data-id=\"1f20fea\" data-element_type=\"widget\" data-settings=\"{&quot;ekit_we_effect_on&quot;:&quot;none&quot;}\" data-widget_type=\"image.default\">\n\t\t\t\t<div class=\"elementor-widget-container\">\n\t\t\t\t\t\t\t\t\t\t\t\t\t\t<a href=\"https:\/\/2024.adventupuli.hr\/wp-content\/uploads\/2024\/10\/Lokacija-Park-grada-Graza.png\" data-elementor-open-lightbox=\"yes\" data-elementor-lightbox-title=\"Lokacija - Park grada Graza\" data-e-action-hash=\"#elementor-action%3Aaction%3Dlightbox%26settings%3DeyJpZCI6MTU3MzgsInVybCI6Imh0dHBzOlwvXC8yMDI0LmFkdmVudHVwdWxpLmhyXC93cC1jb250ZW50XC91cGxvYWRzXC8yMDI0XC8xMFwvTG9rYWNpamEtUGFyay1ncmFkYS1HcmF6YS5wbmcifQ%3D%3D\">\n\t\t\t\t\t\t\t<img loading=\"lazy\" decoding=\"async\" width=\"770\" height=\"444\" src=\"https:\/\/2024.adventupuli.hr\/wp-content\/uploads\/2024\/10\/Lokacija-Park-grada-Graza.png\" class=\"attachment-full size-full wp-image-15738\" alt=\"\" srcset=\"https:\/\/2024.adventupuli.hr\/wp-content\/uploads\/2024\/10\/Lokacija-Park-grada-Graza.png 770w, https:\/\/2024.adventupuli.hr\/wp-content\/uploads\/2024\/10\/Lokacija-Park-grada-Graza-300x173.png 300w, https:\/\/2024.adventupuli.hr\/wp-content\/uploads\/2024\/10\/Lokacija-Park-grada-Graza-768x443.png 768w\" sizes=\"(max-width: 770px) 100vw, 770px\" \/>\t\t\t\t\t\t\t\t<\/a>\n\t\t\t\t\t\t\t\t\t\t\t\t\t<\/div>\n\t\t\t\t<\/div>\n\t\t\t\t\t<\/div>\n\t\t<\/div>\n\t\t\t\t\t<\/div>\n\t\t<\/section>\n\t\t\t\t<section class=\"elementor-section elementor-top-section elementor-element elementor-element-e619697 elementor-section-boxed elementor-section-height-default elementor-section-height-default\" data-id=\"e619697\" data-element_type=\"section\">\n\t\t\t\t\t\t<div class=\"elementor-container elementor-column-gap-default\">\n\t\t\t\t\t<div class=\"elementor-column elementor-col-100 elementor-top-column elementor-element elementor-element-1290d72\" data-id=\"1290d72\" data-element_type=\"column\">\n\t\t\t<div class=\"elementor-widget-wrap elementor-element-populated\">\n\t\t\t\t\t\t<div class=\"elementor-element elementor-element-97b0447 elementor-widget elementor-widget-text-editor\" data-id=\"97b0447\" data-element_type=\"widget\" data-settings=\"{&quot;ekit_we_effect_on&quot;:&quot;none&quot;}\" data-widget_type=\"text-editor.default\">\n\t\t\t\t<div class=\"elementor-widget-container\">\n\t\t\t\t\t\t\t<p style=\"text-align: justify;\">Gli offerenti si obbligano a versare un deposito cauzionale pari a 500,00 \u20ac sul conto corrente dell\u2019Ente pubblico Pula Film Festival (IBAN HR6123600001102685281, numero di riferimento: OIB dell&#8217;offerente). La cauzione verr\u00e0 restituita entro 8 (otto) giorni dal giorno della scelta della migliore offerta, salvo nel caso dell&#8217;offerente scelto, il cui cauzione verr\u00e0 ritenuta a titolo di garanzia in caso di eventuali danni. Qualora l\u2019offerente scelto ritiri l\u2019offerta ovvero non stipuli il contratto o non paghi l\u2019importo offerto entro e non oltre il 12 novembre 2024, la cauzione non gli verr\u00e0 restituita.<\/p><p style=\"text-align: justify;\"><strong>Tutte le attivit\u00e0 di ristorazione e commercio devono essere coerenti con lo spirito delle feste di Natale e di Capodanno.<\/strong><\/p><p style=\"text-align: center;\"><strong>III. Diritto di partecipazione<\/strong><\/p><p style=\"text-align: justify;\">Hanno il diritto di partecipare alla gara d\u2019appalto pubblica tutte le persone fisiche e giuridiche con attivit\u00e0 registrata nella Repubblica di Croazia che non hanno pagamenti in sospeso a qualsiasi titolo nei confronti della Citt\u00e0 di Pula-Pola e che abbiano presentato la domanda di partecipazione alla gara d\u2019appalto orale completa e debitamente inviata. A seguito dell\u2019esercizio del diritto di affitto di una casetta in legno, l&#8217;offerente perde il diritto di continuare con la gara d\u2019appalto orale.<\/p><p style=\"text-align: center;\"><strong> IV. Contenuto della domanda<\/strong><\/p><p style=\"text-align: justify;\">La domanda deve contenere:<\/p><ul style=\"text-align: justify;\"><li>modulo di iscrizione compilato e scaricabile dal sito web dell&#8217;evento <a href=\"http:\/\/www.adventupuli.hr\">adventupuli.hr<\/a> (Allegato 1)<\/li><li>documento comprovante la registrazione per l&#8217;esercizio di attivit\u00e0 nella Repubblica di Croazia: il certificato artigiano, il certificato di iscrizione al Registro delle Imprese, la decisione relativa all\u2019iscrizione nel Registro delle imprese agricole a conduzione familiare, lo statuto dell\u2019associazione e la decisione di registrazione dell\u2019Ufficio amministrativo pubblico per la societ\u00e0 civile oppure l\u2019estratto del registro delle associazioni, attestato della Camera per lo svolgimento di attivit\u00e0 imprenditoriali con l\u2019estratto del registro dei contribuenti dell\u2019amministrazione tributaria competente;<\/li><li>per le persone fisiche che esercitano un&#8217;attivit\u00e0 registrata, una copia della carta d&#8217;identit\u00e0 e per le persone giuridiche, una copia della carta d&#8217;identit\u00e0 del rappresentante legale o del soggetto delegato a tale funzione;<\/li><li>il mandato di rappresentanza, se la domanda \u00e8 presentata da un mandatario, autenticata con atto notarile;<\/li><li>il certificato dell\u2019Assessorato alle finanze e all\u2019economia del Comune di Pula-Pola comprovante l\u2019inesistenza di pagamenti in sospeso da parte dell\u2019offerente nei confronti della Citt\u00e0 di Pula-Pola (non antecedente a 30 giorni dalla data di pubblicazione del presente Invito pubblico), ovvero per gli operatori registrati al di fuori della citt\u00e0 di Pola, certificato comprovante l\u2019inesistenza di pagamenti in sospeso nei confronti dell\u2019ente locale in cui l&#8217;operatore \u00e8 registrato.<\/li><li>Il certificato dell\u2019amministrazione tributaria competente comprovante l\u2019inesistenza di pagamenti in sospeso dell\u2019offerente nei confronti dello stato non antecedente a 30 giorni dalla data di pubblicazione del presente Invito pubblico;<\/li><li>il certificato attestante l&#8217;eventuale diritto di priorit\u00e0 di cui al punto VI del presente Invito pubblico (se applicabile);<\/li><li>ricevuta di pagamento del deposito cauzionale;<\/li><li>dichiarazione di accettazione delle condizioni dell\u2019Invito pubblico firmata (Allegato 2);<\/li><li>consenso al trattamento dei dati personali firmato (Allegato 3).<\/li><\/ul><p style=\"text-align: justify;\">Con la presentazione della domanda valida e completa, si ritiene che gli offerenti accettano il canone di affitto iniziale maggiorato dell&#8217;IVA nonch\u00e9 le altre condizioni di offerta e di affitto previste nel presente Invito.<\/p><p style=\"text-align: justify;\">Con la presentazione della domanda, si ritiene che l&#8217;offerente abbia espresso il proprio consenso alla raccolta, trattamento e utilizzo dei propri dati personali mediante la loro pubblicazione sul sito web dell&#8217;organizzatore.<\/p><p style=\"text-align: center;\"><strong> V. Procedimento della gara orale<\/strong><\/p><p style=\"text-align: justify;\">La gara d\u2019appalto orale \u00e8 condotta dalla commissione incaricata per lo svolgimento della gara d\u2019appalto, composta da 3 (tre) rappresentanti dell&#8217;organizzatore.<\/p><p style=\"text-align: justify;\">Nella parte introduttiva, la commissione apre la gara d\u2019appalto e determina il numero di domande complete e regolarmente pervenute ed in tal senso prende una decisione appropriata annunciandola immediatamente.<\/p><p style=\"text-align: justify;\">Sull\u2019andamento della gara verr\u00e0 redatto un verbale che alla fine della stessa sar\u00e0 sottoscritto dai membri della commissione e dallo stenografo ed autenticato da due verificatori scelti tra offerenti presenti.<\/p><p style=\"text-align: justify;\">La gara d\u2019appalto orale si effettua aumentando l\u2019importo dell&#8217;offerta verbale<\/p><p style=\"text-align: justify;\">L&#8217;importo minimo dell&#8217;aumento dell\u2019offerta verbale per l&#8217;affitto ammonta al 10% dell&#8217;affitto iniziale.<\/p><p style=\"text-align: justify;\">La gara d\u2019appalto orale si conclude allo scadere di due minuti dall\u2019ultima offerta o per recesso.<\/p><p style=\"text-align: justify;\">Il miglior offerente verr\u00e0 considerato l&#8217;offerente che abbia offerto il prezzo dell\u2019affitto pi\u00f9 elevato e soddisfi tutte le condizioni previste dall\u2019Invito pubblico.<\/p><p style=\"text-align: justify;\">Qualora alla gara d\u2019appalto orale si presenti un solo offerente che soddisfi le condizioni dell\u2019Invito pubblico, la commissione sceglie come la pi\u00f9 vantaggiosa l\u2019offerta dell\u2019importo di partenza.<\/p><p style=\"text-align: justify;\">L&#8217;abbandono della sala durante la gara e qualsiasi scambio di informazioni tra l&#8217;offerente e terzi durante la gara sar\u00e0 interpretato come interruzione dello svolgimento della gara e la commissione incaricata per lo svolgimento della gara pu\u00f2 decidere di escludere tale offerente dall&#8217;ulteriore svolgimento della gara.<\/p><p style=\"text-align: justify;\">Al termine della gara, la commissione sceglier\u00e0 l\u2019offerta pi\u00f9 vantaggiosa e la registrer\u00e0 nel verbale.<\/p><p style=\"text-align: justify;\">Dopo aver scelto l&#8217;offerta pi\u00f9 vantaggiosa, la commissione stabilisce se qualcuno degli offerenti presenti voglia puntualizzare il proprio diritto di priorit\u00e0 accettando il canone pi\u00f9 alto raggiunto.<\/p><p style=\"text-align: justify;\">Qualora l&#8217;offerente dimostri di esercitare il diritto di priorit\u00e0 e dichiari di volersi avvalere di tale diritto, tale dichiarazione si registrer\u00e0 nel verbale e dovr\u00e0 essere firmata dall&#8217;offerente.<\/p><p style=\"text-align: justify;\">Dopo la determinazione dell&#8217;offerta pi\u00f9 vantaggiosa ed eventuale esercizio del diritto di priorit\u00e0, la commissione annuncer\u00e0 la risoluzione sulla scelta del miglior offerente\/affittuario.<\/p><p style=\"text-align: justify;\">L&#8217;organizzatore pubblicher\u00e0 la risoluzione sull\u2019aggiudicazione del miglior offerente\/affittuario sul sito web della manifestazione \u201cAdvent u Puli &#8211; L&#8217;Avvento a Pola 2024\u201d <a href=\"http:\/\/www.adventupuli.hr\">www.adventupuli.hr<\/a> \u00a0entro e non oltre il 11 novembre 2024.<\/p><p style=\"text-align: justify;\">\u00c8 possibile presentare reclamo all\u2019organizzatore avverso la risoluzione sull\u2019aggiudicazione del miglior offerente\/affittuario entro tre (3) giorni dalla data di pubblicazione dell&#8217;Elenco degli offerenti selezionati sul sito web della manifestazione \u201cAdvent u Puli &#8211; L&#8217;Avvento a Pola 2024\u201d <a href=\"http:\/\/www.adventupuli.hr\">www.adventupuli.hr<\/a>.<\/p><p style=\"text-align: center;\"><strong> VI. Diritto di priorit\u00e0<\/strong><\/p><p style=\"text-align: justify;\">Ai sensi dell&#8217;articolo 132 della Legge sui difensori croati di guerra di patria e membri delle loro famiglie (\u201cGazzetta Ufficiale della Repubblica di Croazia\u201d n\u00b0 121\/17 e 98\/19), se partecipano alla gara, soddisfano le condizioni dell&#8217;offerta pi\u00f9 favorevole e accettano l&#8217;importo di affitto pi\u00f9 elevato raggiunto, il diritto di priorit\u00e0 di stipulare il contratto di affitto di casette in legno di cui al punto II del presente Invito a svolgere attivit\u00e0 artigianali hanno (nel seguente ordine):<\/p><ol style=\"text-align: justify;\"><li>membri dell\u2019immediata cerchia familiare e membri della famiglia estesa del difensore croato deceduto nella Guerra patriottica e membri dell\u2019immediata cerchia familiare e membri della famiglia estesa del difensore croato scomparso nella Guerra patriottica;<\/li><li>invalidi militari croati della Guerra patriottica;<\/li><li>volontari della Guerra patriottica;<\/li><li>altri difensori croati della Guerra patriottica, nell\u2019ordine del periodo di tempo in cui hanno difeso la sovranit\u00e0 della Repubblica di Croazia;<\/li><li>cooperative lavorative sociali dei difensori per l\u2019espletamento di attivit\u00e0 registrate che sono evidenziate nell\u2019apposito registro presso il Ministero preposto oppure che sono fruitori degli incentivi del Ministero;<\/li><li>figli dei difensori croati della Guerra patriottica;<\/li><li>persone di cui ai punti da a) a d) e f) dell\u2019Articolo 132(1) della Legge sui difensori croati della Guerra patriottica e membri delle loro famiglie che sono fruitori della pensione.<\/li><\/ol><p style=\"text-align: center;\"><strong>VII. Altri requisiti<\/strong><\/p><p style=\"text-align: justify;\"><strong>1.Contratto di affitto<\/strong><\/p><p style=\"text-align: justify;\">L\u2019affittuario si obbliga a stipulare il contratto di affitto con l&#8217;organizzatore entro e non oltre il <strong>12 novembre 2024<\/strong>, termine entro il quale si obbliga a pagare l&#8217;intero importo di affitto in base alla fattura inviata dall&#8217;organizzatore. Qualora l\u2019affittuario non pagasse l&#8217;intero importo di affitto entro il 12 novembre 2024, si riterr\u00e0 che abbia rinunciato all\u2019affitto.<\/p><p style=\"text-align: justify;\"><strong>2.Orario di lavoro<\/strong><\/p><p style=\"text-align: justify;\">Gli affittuari delle casette si obbligano a rispettare l&#8217;orario di lavoro prescritto. L\u2019organizzatore pu\u00f2 rescindere il Contratto di affitto unilateralmente e trattenere l&#8217;importo del canone di affitto versato a causa del mancato rispetto dell\u2019orario di lavoro. Allo scopo di prepararle con qualit\u00e0, le casette saranno disponibili per la consegna a partire dal <strong>28 novembre 2024 <\/strong>e quelle sulla pista di pattinaggio sul ghiaccio dal <strong>2 dicembre 2024<\/strong>. In caso di condizioni meteorologiche sfavorevoli e in accordo con l&#8217;organizzatore, all&#8217;affittuario sar\u00e0 permesso di chiudere la propria attivit\u00e0.\u00a0<\/p><p><strong> 3. Obblighi dell\u2019organizzatore<\/strong><\/p><p style=\"text-align: justify;\">L&#8217;organizzatore si obbliga ad assicurare l&#8217;uso gratuito dell&#8217;area pubblica, il montaggio e lo smontaggio della casetta, l&#8217;elettricit\u00e0, la musica appropriata e una guardia notturna.<\/p><p><strong> 4. Obblighi dell\u2019affittuario<\/strong><\/p><p style=\"text-align: justify;\">Gli affittuari si obbligano, per l\u2019intera durata della manifestazione e durante tutto l\u2019orario di lavoro, ad includere nella propria gamma dei prodotti le bevande dello sponsor della manifestazione &#8220;Advent u Puli &#8211; L&#8217;Avvento a Pola 2024\u201d, secondo le modalit\u00e0 che saranno definite contrattualmente.<\/p><p style=\"text-align: justify;\">Fanno eccezione gli affittuari che offrono il proprio prodotto (il vino birra, grappa, etc.)<\/p><p style=\"text-align: justify;\">Gli affittuari si obbligano ad esporre in modo visibile il materiale pubblicitario dello sponsor della manifestazione su tutti gli elementi concordati e precedentemente forniti dall&#8217;organizzatore (il nome della cassetta, ombrelloni, posti da sedere, espositori e bacheche per men\u00f9, bicchieri, ecc.).<\/p><p style=\"text-align: justify;\">Agli affittuari non \u00e8 consentito esporre nessun tipo di materiale pubblicitario o quello di propaganda politica\/elettorale sulle casette, relative attrezzature e nello spazio circostante.<\/p><p style=\"text-align: justify;\">Gli affittuari si obbligano ad utilizzare solo la terrazza indicata sulla mappa schematica, messa a loro disposizione ai sensi del presente Invito pubblico. Nel caso in cui l\u2019offerente selezionato aggiunga tavoli, sedie, cavalletti ed espositori da pavimento ed altre attrezzature non concordate con l&#8217;organizzatore e riceva una multa da parte delle guardie comunali, in caso di recidiva, il contratto di affitto si intender\u00e0 risolto e l\u2019affittuario non avr\u00e0 diritto a nessun rimborso.<\/p><p style=\"text-align: justify;\">Gli affittuari si obbligano a svolgere l&#8217;attivit\u00e0 stipulata in conformit\u00e0 con le normative vigenti della Repubblica di Croazia, ovvero l&#8217;attivit\u00e0 commerciale in conformit\u00e0 con le disposizioni della Legge sul commercio e delle sue norme di attuazione, tra cui l&#8217;Ordinanza sulle condizioni tecniche minime e sulle altre condizioni, che si riferiscono in particolare alla vendita di beni fuori dai negozi, e alle attivit\u00e0 enogastronomiche secondo le disposizioni della Legge sulle attivit\u00e0 enogastronomiche riguardanti lo svolgimento di tali attivit\u00e0 fuori dai locali di ristoro.<\/p><p style=\"text-align: justify;\">Gli affittuari si obbligano a rispettare le norme sull&#8217;ordine pubblico, le norme sull&#8217;ordine comunale e a svolgere le loro attivit\u00e0 nello spirito delle feste di Natale e di Capodanno.<\/p><p style=\"text-align: justify;\">Gli affittuari si obbligano a mantenere prezzi festivi adeguati per tutti i loro prodotti. Gli affittuari non hanno il diritto di collocare altri oggetti (tavoli, sedie, ombrelloni, ripiani, stufe, ecc.) senza il consenso dell&#8217;organizzatore. Gli affittuari si obbligano a decorare adeguatamente la casetta, rispettando le dritte dell\u2019organizzatore. La personalizzazione del luogo \u00e8 possibile solo previa la presentazione del disegno di progettazione e previo il consenso dell&#8217;organizzatore e si effettua a spese dell\u2019affittuario.<\/p><p style=\"text-align: justify;\">Qualora l&#8217;ispezione o altri vigili delle autorit\u00e0 competenti rilevino irregolarit\u00e0 nell&#8217;attivit\u00e0 dell\u2019affittuario della cassetta, l&#8217;organizzatore non sar\u00e0 tenuto responsabile delle stesse. Gli affittuari si obbligano a mantenere pulita la casetta e l&#8217;area circostante tutto il tempo.<\/p><p style=\"text-align: justify;\">Gli affittuari si obbligano a liberare la casetta assieme alle loro attrezzature da persone e cose dopo la scadenza del periodo di affitto entro e non oltre il <strong>3 gennaio 2025<\/strong> ovvero le casette presso la pista di pattinaggio sul ghiaccio entro\u00a0 il <strong>10 gennaio 2025.<\/strong><\/p><p style=\"text-align: justify;\">Agli affittuari \u00e8 vietato l\u2019uso degli spazi esterni per banconi.<\/p><p style=\"text-align: justify;\">Gli affittuari non sono autorizzati a collocare i propri dispositivi ed attrezzature sulle superfici esterne davanti alla casetta senza il previo consenso dell&#8217;organizzatore.<\/p><p style=\"text-align: justify;\">Agli affittuari non \u00e8 consentito l\u2019uso di altoparlanti per riprodurre musica o altri spettacoli musicali. La musica verr\u00e0 riprodotta da un unico luogo, nell\u2019ambito del programma dell&#8217;Avvento.<strong>\u00a0<\/strong><\/p><p><strong> 5. Responsabilit\u00e0 e risoluzione del contratto<\/strong><\/p><p style=\"text-align: justify;\">L&#8217;organizzatore non \u00e8 responsabile per lo svolgimento di attivit\u00e0 non registrate, la mancata emissione di fatture e per qualsiasi altra azione contraria alle normative legali vigenti della Repubblica di Croazia.<\/p><p style=\"text-align: justify;\">L\u2019Ente pubblico Pula Film Festival non si assume alcuna responsabilit\u00e0 per l&#8217;eventuale mancato rispetto della quiete pubblica, delle normative e degli atti legislativi da parte dell\u2019affittuario e, in caso di multa all&#8217;organizzatore, la stessa verr\u00e0 addebitata all\u2019affittuario responsabile di tale atto.<\/p><p style=\"text-align: justify;\">L\u2019ente pubblico Pula Film Festival ha il diritto di condurre ispezioni periodiche degli oggetti affittati e, nel caso di riscontrare carenze nella manutenzione degli stessi, chiedere al affittuario di rimuoverli entro un termine ragionevole che gli verr\u00e0 comunicato.<\/p><p style=\"text-align: justify;\">\u00c8 severamente vietato agli affittuari utilizzare fiamme libere, accendere fuochi, riprodurre musica, subaffittare le casette o metterle a disposizione ai terzi.<\/p><p style=\"text-align: justify;\">Qualora l\u2019affittuario agisca in contrasto con quanto previsto dal presente Invito e dal Contratto di affitto, l&#8217;organizzatore si riserva il diritto di rescindere il contratto di affitto unilateralmente e di trattenere l&#8217;importo del canone di affitto versato.<\/p><p style=\"text-align: justify;\">In caso di danni alla casetta, l&#8217;organizzatore ha diritto al risarcimento del danno in conformit\u00e0 con le disposizioni della Legge sui rapporti di obbligazione e l&#8217;affittuario perde il diritto alle candidature future.<\/p><p><strong>6. Altro<\/strong><\/p><p style=\"text-align: justify;\">Nel caso in cui, al termine dell\u2019Invito pubblico, una o pi\u00f9 casette rimangano non aggiudicate o uno degli affittuari selezionati receda dalla locazione dopo l\u2019Invito pubblico e prima della firma del contratto, l\u2019Ente pubblico Pula Film Festival pu\u00f2 ripetere l\u2019invito pubblico per le casette non aggiudicate oppure procedere, in qualche altro modo, ad una nuova gara d\u2019appalto per la presentazione delle offerte.<\/p><p style=\"text-align: justify;\">L\u2019Ente pubblico Pula Film Festival si riserva il diritto di annullare l\u2019Invito pubblico senza necessit\u00e0 di fornire giustificazioni.<\/p><p style=\"text-align: center;\"><strong>VIII. Ulteriori informazioni<\/strong><\/p><p style=\"text-align: justify;\">Per ulteriori informazioni, si prega di scrivere all\u2019indirizzo di posta elettronica <a href=\"mailto:prijava@pulafilmfestival.hr\">prijava@pulafilmfestival.hr<\/a>.<\/p><p style=\"text-align: left;\">Pola, il 23 ottobre 2024<\/p><p style=\"text-align: right;\">\u00a0\u00a0\u00a0\u00a0\u00a0\u00a0 Ente pubblico Pula Film Festival<\/p>\t\t\t\t\t\t<\/div>\n\t\t\t\t<\/div>\n\t\t\t\t\t<\/div>\n\t\t<\/div>\n\t\t\t\t\t<\/div>\n\t\t<\/section>\n\t\t\t\t<section class=\"elementor-section elementor-top-section elementor-element elementor-element-631f935 elementor-section-boxed elementor-section-height-default elementor-section-height-default\" data-id=\"631f935\" data-element_type=\"section\">\n\t\t\t\t\t\t<div class=\"elementor-container elementor-column-gap-default\">\n\t\t\t\t\t<div class=\"elementor-column elementor-col-100 elementor-top-column elementor-element elementor-element-1e6ace9\" data-id=\"1e6ace9\" data-element_type=\"column\">\n\t\t\t<div class=\"elementor-widget-wrap elementor-element-populated\">\n\t\t\t\t\t\t<div class=\"elementor-element elementor-element-0e86cec elementor-widget elementor-widget-text-editor\" data-id=\"0e86cec\" data-element_type=\"widget\" data-settings=\"{&quot;ekit_we_effect_on&quot;:&quot;none&quot;}\" data-widget_type=\"text-editor.default\">\n\t\t\t\t<div class=\"elementor-widget-container\">\n\t\t\t\t\t\t\t<p><strong>Advent u Puli \u2013 L&#8217;Avvento a Pola 2024<\/strong><\/p><p>Proposta di programma ripartito per ubicazioni:<\/p><ol><li>GIARDINI<\/li><\/ol><ul><li>addobbi luminosi e altoparlanti per la riproduzione di musica lungo i Giardini<\/li><li>spettacoli DJ previsti nella parte superiore dei Giardini<\/li><\/ul><p>\u00a0<\/p><ol start=\"2\"><li>PIAZZA PORT\u2019AUREA<\/li><\/ol><ul><li>altoparlanti per la riproduzione di musica<\/li><li>13 concerti sul palco allestito in piazza<\/li><li>spettacoli di danza in diversi orari<\/li><li>doppia festa di Capodanno: mattina e sera<\/li><li>attesa dell\u2019arrivo di Babbo Natale<\/li><\/ul><p>\u00a0<\/p><ol start=\"3\"><li>PARCO DELLA CITT\u00c0 DI GRAZ<\/li><\/ol><ul><li>decorazioni luminose per bambini, la casa di Babbo Natale e Nonna Inverno con elfi, un palco per lo svolgimento dei programmi per bambini e un parco divertimenti<\/li><\/ul><p>\u00a0<\/p><ol start=\"4\"><li>PISTA DI PATTINAGGIO SUL GHIACCIO: ARENA DI POLA<\/li><\/ol><ul><li>spettacoli di luci, mapping 3D, addobbi e decorazioni appropriati per l\u2019evento, giornate di famiglia, 600 mq di pista di pattinaggio sul ghiaccio, altoparlanti per la riproduzione di musica<\/li><\/ul>\t\t\t\t\t\t<\/div>\n\t\t\t\t<\/div>\n\t\t\t\t\t<\/div>\n\t\t<\/div>\n\t\t\t\t\t<\/div>\n\t\t<\/section>\n\t\t\t\t<section class=\"elementor-section elementor-top-section elementor-element elementor-element-238d81e elementor-section-boxed elementor-section-height-default elementor-section-height-default\" data-id=\"238d81e\" data-element_type=\"section\">\n\t\t\t\t\t\t<div class=\"elementor-container elementor-column-gap-default\">\n\t\t\t\t\t<div class=\"elementor-column elementor-col-100 elementor-top-column elementor-element elementor-element-ed4848e\" data-id=\"ed4848e\" data-element_type=\"column\">\n\t\t\t<div class=\"elementor-widget-wrap elementor-element-populated\">\n\t\t\t\t\t\t<div class=\"elementor-element elementor-element-497d427 elementor-widget elementor-widget-text-editor\" data-id=\"497d427\" data-element_type=\"widget\" data-settings=\"{&quot;ekit_we_effect_on&quot;:&quot;none&quot;}\" data-widget_type=\"text-editor.default\">\n\t\t\t\t<div class=\"elementor-widget-container\">\n\t\t\t\t\t\t\t<h5><a href=\"https:\/\/2024.adventupuli.hr\/wp-content\/uploads\/2024\/10\/Prilog-1-Prijavnica_ITA-2024.docx\">MODULO DI DOMANDA<\/a><\/h5>\n<h5><a href=\"https:\/\/2024.adventupuli.hr\/wp-content\/uploads\/2024\/10\/Prilog-2-Izjava_ITA-2023.docx\">DICHIARAZIONE<\/a><\/h5>\n<h5><a href=\"https:\/\/2024.adventupuli.hr\/wp-content\/uploads\/2024\/10\/Prilog-3-Privola_ITA-2024.docx\">CONSENSO<\/a><\/h5>\t\t\t\t\t\t<\/div>\n\t\t\t\t<\/div>\n\t\t\t\t\t<\/div>\n\t\t<\/div>\n\t\t\t\t\t<\/div>\n\t\t<\/section>\n\t\t\t\t<\/div>\n\t\t","protected":false},"excerpt":{"rendered":"<p>Ai sensi della Decisione del Consiglio d\u2019amministrazione del Pula Film Festival adottata nella riunione del 21 ottobre 2024 nonch\u00e9 del Programma di lavoro annuale e il piano finanziario adottati per il 2024, l&#8217;Ente pubblico Pula Film Festival bandisce il seguente INVITO PUBBLICO a manifestare interesse alla gara d\u2019appalto orale per l&#8217;affitto di casette per lo [&hellip;]<\/p>\n","protected":false},"author":1,"featured_media":15731,"comment_status":"open","ping_status":"open","sticky":false,"template":"","format":"standard","meta":{"_acf_changed":false,"footnotes":""},"categories":[250],"tags":[],"class_list":["post-15754","post","type-post","status-publish","format-standard","has-post-thumbnail","hentry","category-notizie"],"aioseo_notices":[],"acf":[],"_links":{"self":[{"href":"https:\/\/2024.adventupuli.hr\/it\/wp-json\/wp\/v2\/posts\/15754"}],"collection":[{"href":"https:\/\/2024.adventupuli.hr\/it\/wp-json\/wp\/v2\/posts"}],"about":[{"href":"https:\/\/2024.adventupuli.hr\/it\/wp-json\/wp\/v2\/types\/post"}],"author":[{"embeddable":true,"href":"https:\/\/2024.adventupuli.hr\/it\/wp-json\/wp\/v2\/users\/1"}],"replies":[{"embeddable":true,"href":"https:\/\/2024.adventupuli.hr\/it\/wp-json\/wp\/v2\/comments?post=15754"}],"version-history":[{"count":4,"href":"https:\/\/2024.adventupuli.hr\/it\/wp-json\/wp\/v2\/posts\/15754\/revisions"}],"predecessor-version":[{"id":15765,"href":"https:\/\/2024.adventupuli.hr\/it\/wp-json\/wp\/v2\/posts\/15754\/revisions\/15765"}],"wp:featuredmedia":[{"embeddable":true,"href":"https:\/\/2024.adventupuli.hr\/it\/wp-json\/wp\/v2\/media\/15731"}],"wp:attachment":[{"href":"https:\/\/2024.adventupuli.hr\/it\/wp-json\/wp\/v2\/media?parent=15754"}],"wp:term":[{"taxonomy":"category","embeddable":true,"href":"https:\/\/2024.adventupuli.hr\/it\/wp-json\/wp\/v2\/categories?post=15754"},{"taxonomy":"post_tag","embeddable":true,"href":"https:\/\/2024.adventupuli.hr\/it\/wp-json\/wp\/v2\/tags?post=15754"}],"curies":[{"name":"wp","href":"https:\/\/api.w.org\/{rel}","templated":true}]}}