{"id":15783,"date":"2024-10-24T13:45:21","date_gmt":"2024-10-24T11:45:21","guid":{"rendered":"https:\/\/2024.adventupuli.hr\/poziv-udrugama-humanitarnog-karaktera\/"},"modified":"2024-10-24T15:01:49","modified_gmt":"2024-10-24T13:01:49","slug":"poziv-udrugama-humanitarnog-karaktera","status":"publish","type":"post","link":"https:\/\/2024.adventupuli.hr\/it\/poziv-udrugama-humanitarnog-karaktera\/","title":{"rendered":"Invito alle associazioni umanitarie"},"content":{"rendered":"\t\t<div data-elementor-type=\"wp-post\" data-elementor-id=\"15783\" class=\"elementor elementor-15783 elementor-15773\">\n\t\t\t\t\t\t<section class=\"elementor-section elementor-top-section elementor-element elementor-element-be75cfb elementor-section-boxed elementor-section-height-default elementor-section-height-default\" data-id=\"be75cfb\" data-element_type=\"section\">\n\t\t\t\t\t\t<div class=\"elementor-container elementor-column-gap-default\">\n\t\t\t\t\t<div class=\"elementor-column elementor-col-100 elementor-top-column elementor-element elementor-element-b896c0c\" data-id=\"b896c0c\" data-element_type=\"column\">\n\t\t\t<div class=\"elementor-widget-wrap elementor-element-populated\">\n\t\t\t\t\t\t<div class=\"elementor-element elementor-element-5f4f733 elementor-widget elementor-widget-text-editor\" data-id=\"5f4f733\" data-element_type=\"widget\" data-settings=\"{&quot;ekit_we_effect_on&quot;:&quot;none&quot;}\" data-widget_type=\"text-editor.default\">\n\t\t\t\t<div class=\"elementor-widget-container\">\n\t\t\t\t\t\t\t<p style=\"text-align: justify;\">L&#8217;istituzione pubblica Pula Film Festival invita le associazioni attive nel campo delle attivit\u00e0 umanitarie a richiedere l&#8217;uso gratuito di una casetta prefabbricata. \u00c8 disponibile una casetta per attivit\u00e0 commerciali e il periodo di utilizzo verr\u00e0 definito in base al numero di associazioni interessate. La casetta, che misura 2&#215;2 metri, sar\u00e0 situata presso i Giardini e potr\u00e0 essere utilizzata dal 1\u00b0 al 31 dicembre 2024. Le associazioni umanitarie interessate possono inviare la propria richiesta via e-mail a: <a href=\"mailto:marina@pulafilmfestival.hr\" target=\"_blank\" rel=\"noopener\">marina@pulafilmfestival.hr<\/a>.<\/p>\t\t\t\t\t\t<\/div>\n\t\t\t\t<\/div>\n\t\t\t\t\t<\/div>\n\t\t<\/div>\n\t\t\t\t\t<\/div>\n\t\t<\/section>\n\t\t\t\t<\/div>\n\t\t","protected":false},"excerpt":{"rendered":"<p>L&#8217;istituzione pubblica Pula Film Festival invita le associazioni attive nel campo delle attivit\u00e0 umanitarie a richiedere l&#8217;uso gratuito di una casetta prefabbricata. \u00c8 disponibile una casetta per attivit\u00e0 commerciali e il periodo di utilizzo verr\u00e0 definito in base al numero di associazioni interessate. La casetta, che misura 2&#215;2 metri, sar\u00e0 situata presso i Giardini e [&hellip;]<\/p>\n","protected":false},"author":1,"featured_media":15778,"comment_status":"open","ping_status":"open","sticky":false,"template":"","format":"standard","meta":{"_acf_changed":false,"footnotes":""},"categories":[250],"tags":[],"class_list":["post-15783","post","type-post","status-publish","format-standard","has-post-thumbnail","hentry","category-notizie"],"aioseo_notices":[],"acf":[],"_links":{"self":[{"href":"https:\/\/2024.adventupuli.hr\/it\/wp-json\/wp\/v2\/posts\/15783"}],"collection":[{"href":"https:\/\/2024.adventupuli.hr\/it\/wp-json\/wp\/v2\/posts"}],"about":[{"href":"https:\/\/2024.adventupuli.hr\/it\/wp-json\/wp\/v2\/types\/post"}],"author":[{"embeddable":true,"href":"https:\/\/2024.adventupuli.hr\/it\/wp-json\/wp\/v2\/users\/1"}],"replies":[{"embeddable":true,"href":"https:\/\/2024.adventupuli.hr\/it\/wp-json\/wp\/v2\/comments?post=15783"}],"version-history":[{"count":4,"href":"https:\/\/2024.adventupuli.hr\/it\/wp-json\/wp\/v2\/posts\/15783\/revisions"}],"predecessor-version":[{"id":15788,"href":"https:\/\/2024.adventupuli.hr\/it\/wp-json\/wp\/v2\/posts\/15783\/revisions\/15788"}],"wp:featuredmedia":[{"embeddable":true,"href":"https:\/\/2024.adventupuli.hr\/it\/wp-json\/wp\/v2\/media\/15778"}],"wp:attachment":[{"href":"https:\/\/2024.adventupuli.hr\/it\/wp-json\/wp\/v2\/media?parent=15783"}],"wp:term":[{"taxonomy":"category","embeddable":true,"href":"https:\/\/2024.adventupuli.hr\/it\/wp-json\/wp\/v2\/categories?post=15783"},{"taxonomy":"post_tag","embeddable":true,"href":"https:\/\/2024.adventupuli.hr\/it\/wp-json\/wp\/v2\/tags?post=15783"}],"curies":[{"name":"wp","href":"https:\/\/api.w.org\/{rel}","templated":true}]}}