{"id":15888,"date":"2024-11-08T10:24:47","date_gmt":"2024-11-08T09:24:47","guid":{"rendered":"https:\/\/2024.adventupuli.hr\/spektakularni-prizori-tijekom-adventa-u-pulskoj-areni\/"},"modified":"2024-11-08T13:23:53","modified_gmt":"2024-11-08T12:23:53","slug":"spektakularni-prizori-tijekom-adventa-u-pulskoj-areni","status":"publish","type":"post","link":"https:\/\/2024.adventupuli.hr\/it\/spektakularni-prizori-tijekom-adventa-u-pulskoj-areni\/","title":{"rendered":"Scene spettacolari durante l\u2019Avvento nell\u2019Arena di Pola!"},"content":{"rendered":"\t\t<div data-elementor-type=\"wp-post\" data-elementor-id=\"15888\" class=\"elementor elementor-15888 elementor-15880\">\n\t\t\t\t\t\t<section class=\"elementor-section elementor-top-section elementor-element elementor-element-ac53d79 elementor-section-boxed elementor-section-height-default elementor-section-height-default\" data-id=\"ac53d79\" data-element_type=\"section\">\n\t\t\t\t\t\t<div class=\"elementor-container elementor-column-gap-default\">\n\t\t\t\t\t<div class=\"elementor-column elementor-col-100 elementor-top-column elementor-element elementor-element-91a4bcf\" data-id=\"91a4bcf\" data-element_type=\"column\">\n\t\t\t<div class=\"elementor-widget-wrap elementor-element-populated\">\n\t\t\t\t\t\t<div class=\"elementor-element elementor-element-97381e7 elementor-widget elementor-widget-text-editor\" data-id=\"97381e7\" data-element_type=\"widget\" data-settings=\"{&quot;ekit_we_effect_on&quot;:&quot;none&quot;}\" data-widget_type=\"text-editor.default\">\n\t\t\t\t<div class=\"elementor-widget-container\">\n\t\t\t\t\t\t\t<p>I visitatori dell\u2019Avvento a Pola potranno ammirare scenografie inedite e elementi scenografici unici, realizzati a mano esclusivamente per l&#8217;Arena di Pola. L\u2019Avvento nell\u2019Arena prender\u00e0 il via il 6 dicembre, rappresentando un\u2019evoluzione delle precedenti iniziative natalizie e, al contempo, uno degli eventi scenograficamente pi\u00f9 spettacolari d\u2019Europa, destinato ad attirare l\u2019attenzione dei visitatori di tutta la regione.<\/p><p>L&#8217;autore del progetto concettuale ed esecutivo \u00e8 l&#8217;azienda InspiroLab, che, durante la pianificazione di questo progetto ha condotto una ricerca sugli elementi storici legati all&#8217;Arena. Per questo motivo, lo spazio dell&#8217;anfiteatro sar\u00e0 suddiviso in diverse zone tematiche ispirate alla sua ricca storia. Le installazioni luminose uniche includeranno, oltre agli elementi ispirati ai gladiatori, anche la leggenda delle fate, le costruttrici dell&#8217;Arena.<\/p><p>La pista di ghiaccio con superficie di 600 m\u00b2, sar\u00e0 il fulcro dell&#8217;area e sar\u00e0 gestita dall&#8217;azienda Arctic d.o.o. Sar\u00e0 aperto dal 6 dicembre 2024 al 6 gennaio 2025. Da domenica a gioved\u00ec, sar\u00e0 operativa dalle 10:00 alle 22:00, mentre il venerd\u00ec e il sabato fino alle 23:00. Le sessioni di pattinaggio inizieranno ogni ora e durano 45 minuti. Il costo del biglietto d&#8217;ingresso sar\u00e0 di 3,00 \u20ac, il noleggio dei pattini 2,00 \u20ac e il noleggio degli ausili 3,00 \u20ac. Le scuole elementari e gli asili nido della Citt\u00e0 di Pola, previa prenotazione, potranno pattinare nei giorni feriali fino al 20 dicembre, dalle ore 10:00 alle ore 12:00, a un prezzo promozionale di 1,00 \u20ac per l\u2019ingresso e 0,50 \u20ac per il noleggio dei pattini.<\/p><p>I visitatori rimarranno sicuramente affascinati dalla vista di 1200 m\u00b2 di gradinate di pietra innevate, su cui saranno disposti 111 alberi di Natale illuminati. Per far risplendere questo sito unico durante l&#8217;Avvento, gli organizzatori prevedono di illuminare ulteriormente l&#8217;intera area innevata e, grazie a dispositivi scenografici, creare un effetto di leggera foschia, rendendo il panorama ancora pi\u00f9 suggestivo!<\/p>\t\t\t\t\t\t<\/div>\n\t\t\t\t<\/div>\n\t\t\t\t\t<\/div>\n\t\t<\/div>\n\t\t\t\t\t<\/div>\n\t\t<\/section>\n\t\t\t\t<\/div>\n\t\t","protected":false},"excerpt":{"rendered":"<p>I visitatori dell\u2019Avvento a Pola potranno ammirare scenografie inedite e elementi scenografici unici, realizzati a mano esclusivamente per l&#8217;Arena di Pola. L\u2019Avvento nell\u2019Arena prender\u00e0 il via il 6 dicembre, rappresentando un\u2019evoluzione delle precedenti iniziative natalizie e, al contempo, uno degli eventi scenograficamente pi\u00f9 spettacolari d\u2019Europa, destinato ad attirare l\u2019attenzione dei visitatori di tutta la regione. [&hellip;]<\/p>\n","protected":false},"author":1,"featured_media":15883,"comment_status":"open","ping_status":"open","sticky":false,"template":"","format":"standard","meta":{"_acf_changed":false,"footnotes":""},"categories":[250],"tags":[],"class_list":["post-15888","post","type-post","status-publish","format-standard","has-post-thumbnail","hentry","category-notizie"],"aioseo_notices":[],"acf":[],"_links":{"self":[{"href":"https:\/\/2024.adventupuli.hr\/it\/wp-json\/wp\/v2\/posts\/15888"}],"collection":[{"href":"https:\/\/2024.adventupuli.hr\/it\/wp-json\/wp\/v2\/posts"}],"about":[{"href":"https:\/\/2024.adventupuli.hr\/it\/wp-json\/wp\/v2\/types\/post"}],"author":[{"embeddable":true,"href":"https:\/\/2024.adventupuli.hr\/it\/wp-json\/wp\/v2\/users\/1"}],"replies":[{"embeddable":true,"href":"https:\/\/2024.adventupuli.hr\/it\/wp-json\/wp\/v2\/comments?post=15888"}],"version-history":[{"count":5,"href":"https:\/\/2024.adventupuli.hr\/it\/wp-json\/wp\/v2\/posts\/15888\/revisions"}],"predecessor-version":[{"id":15896,"href":"https:\/\/2024.adventupuli.hr\/it\/wp-json\/wp\/v2\/posts\/15888\/revisions\/15896"}],"wp:featuredmedia":[{"embeddable":true,"href":"https:\/\/2024.adventupuli.hr\/it\/wp-json\/wp\/v2\/media\/15883"}],"wp:attachment":[{"href":"https:\/\/2024.adventupuli.hr\/it\/wp-json\/wp\/v2\/media?parent=15888"}],"wp:term":[{"taxonomy":"category","embeddable":true,"href":"https:\/\/2024.adventupuli.hr\/it\/wp-json\/wp\/v2\/categories?post=15888"},{"taxonomy":"post_tag","embeddable":true,"href":"https:\/\/2024.adventupuli.hr\/it\/wp-json\/wp\/v2\/tags?post=15888"}],"curies":[{"name":"wp","href":"https:\/\/api.w.org\/{rel}","templated":true}]}}