{"id":17344,"date":"2024-11-27T10:19:23","date_gmt":"2024-11-27T09:19:23","guid":{"rendered":"https:\/\/2024.adventupuli.hr\/bogat-program-zapocinje-vec-1-prosinca\/"},"modified":"2024-11-27T10:22:13","modified_gmt":"2024-11-27T09:22:13","slug":"bogat-program-zapocinje-vec-1-prosinca","status":"publish","type":"post","link":"https:\/\/2024.adventupuli.hr\/it\/bogat-program-zapocinje-vec-1-prosinca\/","title":{"rendered":"Il ricco programma inizia gi\u00e0 il 1\u00b0 dicembre!"},"content":{"rendered":"\t\t<div data-elementor-type=\"wp-post\" data-elementor-id=\"17344\" class=\"elementor elementor-17344 elementor-17333\">\n\t\t\t\t\t\t<section class=\"elementor-section elementor-top-section elementor-element elementor-element-b42de3a elementor-section-boxed elementor-section-height-default elementor-section-height-default\" data-id=\"b42de3a\" data-element_type=\"section\">\n\t\t\t\t\t\t<div class=\"elementor-container elementor-column-gap-default\">\n\t\t\t\t\t<div class=\"elementor-column elementor-col-100 elementor-top-column elementor-element elementor-element-ada0de4\" data-id=\"ada0de4\" data-element_type=\"column\">\n\t\t\t<div class=\"elementor-widget-wrap elementor-element-populated\">\n\t\t\t\t\t\t<div class=\"elementor-element elementor-element-d856859 elementor-widget elementor-widget-text-editor\" data-id=\"d856859\" data-element_type=\"widget\" data-settings=\"{&quot;ekit_we_effect_on&quot;:&quot;none&quot;}\" data-widget_type=\"text-editor.default\">\n\t\t\t\t<div class=\"elementor-widget-container\">\n\t\t\t\t\t\t\t<p style=\"text-align: justify;\">Mentre i preparativi per la magia natalizia nell\u2019Arena sono in pieno svolgimento, tutte le altre location sono pronte per l\u2019apertura della manifestazione, che avr\u00e0 inizio il 1\u00b0 dicembre. Un variegato programma culturale e di intrattenimento animer\u00e0 tutto il mese di dicembre.<\/p><p style=\"text-align: justify;\">Domenica, presso la fontana in via Ciscutti, alle ore 10:00, la vicesindaca Ivona Mo\u010deni\u0107 accender\u00e0 la prima candela dell\u2019Avvento, accompagnata dal coro Encijan \u2013 SKD Istra.<\/p><p style=\"text-align: justify;\">Alle ore 17:00, tutta la citt\u00e0 si illuminer\u00e0, dando il via all\u2019attivit\u00e0 delle casette dell\u2019Avvento. Il Parco della citt\u00e0 di Graz sar\u00e0 ancora una volta il centro del divertimento per i pi\u00f9 piccoli, che saranno accolti da trampolieri luminosi, Mamma Natale e gli elfi nella splendida casetta di Babbo e Mamma Natale.<\/p><p style=\"text-align: justify;\">Alle ore 20:30, in Piazza Port\u2019Aurea, il programma musicale sar\u00e0 inaugurato dalla band Jelusick, guidata da Dino Jelu\u0161i\u0107, il cui straordinario talento vocale incanta ogni volta il pubblico.<\/p><p style=\"text-align: justify;\">Durante l\u2019Avvento, il parcheggio sar\u00e0 gratuito nei giorni feriali dopo le ore 17:00, e nei fine settimana e festivi in tutti i parcheggi pubblici, eccetto quelli riservati ai residenti con permesso. L\u2019Avvento nell\u2019Arena si aprir\u00e0 il 6 dicembre alle ore 18:00; l\u2019ingresso sar\u00e0 gratuito, mentre l\u2019accesso alla pista di pattinaggio sar\u00e0 a pagamento.<\/p>\t\t\t\t\t\t<\/div>\n\t\t\t\t<\/div>\n\t\t\t\t\t<\/div>\n\t\t<\/div>\n\t\t\t\t\t<\/div>\n\t\t<\/section>\n\t\t\t\t<section class=\"elementor-section elementor-top-section elementor-element elementor-element-c758f96 elementor-section-boxed elementor-section-height-default elementor-section-height-default\" data-id=\"c758f96\" data-element_type=\"section\">\n\t\t\t\t\t\t<div class=\"elementor-container elementor-column-gap-default\">\n\t\t\t\t\t<div class=\"elementor-column elementor-col-100 elementor-top-column elementor-element elementor-element-2346766\" data-id=\"2346766\" data-element_type=\"column\">\n\t\t\t<div class=\"elementor-widget-wrap elementor-element-populated\">\n\t\t\t\t\t\t<div class=\"elementor-element elementor-element-c966f7c elementor-widget elementor-widget-image\" data-id=\"c966f7c\" data-element_type=\"widget\" data-settings=\"{&quot;ekit_we_effect_on&quot;:&quot;none&quot;}\" data-widget_type=\"image.default\">\n\t\t\t\t<div class=\"elementor-widget-container\">\n\t\t\t\t\t\t\t\t\t\t\t\t\t<img fetchpriority=\"high\" decoding=\"async\" width=\"800\" height=\"534\" src=\"https:\/\/2024.adventupuli.hr\/wp-content\/uploads\/2024\/11\/Portarata-1024x683.jpg\" class=\"attachment-large size-large wp-image-17340\" alt=\"\" srcset=\"https:\/\/2024.adventupuli.hr\/wp-content\/uploads\/2024\/11\/Portarata-1024x683.jpg 1024w, https:\/\/2024.adventupuli.hr\/wp-content\/uploads\/2024\/11\/Portarata-300x200.jpg 300w, https:\/\/2024.adventupuli.hr\/wp-content\/uploads\/2024\/11\/Portarata-768x512.jpg 768w, https:\/\/2024.adventupuli.hr\/wp-content\/uploads\/2024\/11\/Portarata-1536x1024.jpg 1536w, https:\/\/2024.adventupuli.hr\/wp-content\/uploads\/2024\/11\/Portarata.jpg 1620w\" sizes=\"(max-width: 800px) 100vw, 800px\" \/>\t\t\t\t\t\t\t\t\t\t\t\t\t<\/div>\n\t\t\t\t<\/div>\n\t\t\t\t\t<\/div>\n\t\t<\/div>\n\t\t\t\t\t<\/div>\n\t\t<\/section>\n\t\t\t\t<\/div>\n\t\t","protected":false},"excerpt":{"rendered":"<p>Mentre i preparativi per la magia natalizia nell\u2019Arena sono in pieno svolgimento, tutte le altre location sono pronte per l\u2019apertura della manifestazione, che avr\u00e0 inizio il 1\u00b0 dicembre. Un variegato programma culturale e di intrattenimento animer\u00e0 tutto il mese di dicembre. Domenica, presso la fontana in via Ciscutti, alle ore 10:00, la vicesindaca Ivona Mo\u010deni\u0107 [&hellip;]<\/p>\n","protected":false},"author":1,"featured_media":17336,"comment_status":"open","ping_status":"open","sticky":false,"template":"","format":"standard","meta":{"_acf_changed":false,"footnotes":""},"categories":[250],"tags":[],"class_list":["post-17344","post","type-post","status-publish","format-standard","has-post-thumbnail","hentry","category-notizie"],"aioseo_notices":[],"acf":[],"_links":{"self":[{"href":"https:\/\/2024.adventupuli.hr\/it\/wp-json\/wp\/v2\/posts\/17344"}],"collection":[{"href":"https:\/\/2024.adventupuli.hr\/it\/wp-json\/wp\/v2\/posts"}],"about":[{"href":"https:\/\/2024.adventupuli.hr\/it\/wp-json\/wp\/v2\/types\/post"}],"author":[{"embeddable":true,"href":"https:\/\/2024.adventupuli.hr\/it\/wp-json\/wp\/v2\/users\/1"}],"replies":[{"embeddable":true,"href":"https:\/\/2024.adventupuli.hr\/it\/wp-json\/wp\/v2\/comments?post=17344"}],"version-history":[{"count":4,"href":"https:\/\/2024.adventupuli.hr\/it\/wp-json\/wp\/v2\/posts\/17344\/revisions"}],"predecessor-version":[{"id":17348,"href":"https:\/\/2024.adventupuli.hr\/it\/wp-json\/wp\/v2\/posts\/17344\/revisions\/17348"}],"wp:featuredmedia":[{"embeddable":true,"href":"https:\/\/2024.adventupuli.hr\/it\/wp-json\/wp\/v2\/media\/17336"}],"wp:attachment":[{"href":"https:\/\/2024.adventupuli.hr\/it\/wp-json\/wp\/v2\/media?parent=17344"}],"wp:term":[{"taxonomy":"category","embeddable":true,"href":"https:\/\/2024.adventupuli.hr\/it\/wp-json\/wp\/v2\/categories?post=17344"},{"taxonomy":"post_tag","embeddable":true,"href":"https:\/\/2024.adventupuli.hr\/it\/wp-json\/wp\/v2\/tags?post=17344"}],"curies":[{"name":"wp","href":"https:\/\/api.w.org\/{rel}","templated":true}]}}