{"id":17902,"date":"2024-12-03T11:53:49","date_gmt":"2024-12-03T10:53:49","guid":{"rendered":"https:\/\/2024.adventupuli.hr\/obilje-djecjih-programa-docek-svetog-nikole-i-rambo-amadeus\/"},"modified":"2024-12-03T12:12:39","modified_gmt":"2024-12-03T11:12:39","slug":"obilje-djecjih-programa-docek-svetog-nikole-i-rambo-amadeus","status":"publish","type":"post","link":"https:\/\/2024.adventupuli.hr\/it\/obilje-djecjih-programa-docek-svetog-nikole-i-rambo-amadeus\/","title":{"rendered":"Un&#8217;abbondanza di programmi per bambini, l&#8217;arrivo di San Nicol\u00f2 e Rambo Amadeus"},"content":{"rendered":"\t\t<div data-elementor-type=\"wp-post\" data-elementor-id=\"17902\" class=\"elementor elementor-17902 elementor-17890\">\n\t\t\t\t\t\t<section class=\"elementor-section elementor-top-section elementor-element elementor-element-68d04a9 elementor-section-boxed elementor-section-height-default elementor-section-height-default\" data-id=\"68d04a9\" data-element_type=\"section\">\n\t\t\t\t\t\t<div class=\"elementor-container elementor-column-gap-default\">\n\t\t\t\t\t<div class=\"elementor-column elementor-col-100 elementor-top-column elementor-element elementor-element-76823e3\" data-id=\"76823e3\" data-element_type=\"column\">\n\t\t\t<div class=\"elementor-widget-wrap elementor-element-populated\">\n\t\t\t\t\t\t<div class=\"elementor-element elementor-element-a868e3c elementor-widget elementor-widget-text-editor\" data-id=\"a868e3c\" data-element_type=\"widget\" data-settings=\"{&quot;ekit_we_effect_on&quot;:&quot;none&quot;}\" data-widget_type=\"text-editor.default\">\n\t\t\t\t<div class=\"elementor-widget-container\">\n\t\t\t\t\t\t\t<p style=\"text-align: justify;\">La prossima settimana dell&#8217;Avvento offrir\u00e0 numerosi eventi per bambini, l\u2019arrivo di San Nicol\u00f2 e la spettacolare inaugurazione della pista di ghiaccio nell\u2019anfiteatro.<\/p><p style=\"text-align: justify;\"><strong>Programma dettagliato degli eventi:<\/strong><\/p><ul><li style=\"text-align: justify;\"><strong>4 dicembre<\/strong>: Nel Parco della Citt\u00e0 di Graz, il coro della Scuola Elementare Monte Zaro si esibir\u00e0 alle ore 17:00, seguito dal coro della Chiesa di Sant\u2019Antuna &#8220;Ljiljani&#8221; alle 17:30. Alle ore 18:00, il duo della Scuola Elementare Centar, accompagnato da un gruppo di ballo, chiuder\u00e0 la serata.<\/li><li style=\"text-align: justify;\"><strong>5 dicembre<\/strong>: SvilArt presenter\u00e0 la performance su seta intitolata <em>Aria &amp; Fiamma<\/em> in Piazza Port\u2019Aurea alle ore 17:00. La serata si accender\u00e0 con DJ Nice, che animer\u00e0 i Giardini mercoled\u00ec e gioved\u00ec dalle 20:00 alle 23:00.<\/li><li style=\"text-align: justify;\"><strong>6 dicembre<\/strong>:<ul><li>La 30\u00aa Fiera del Libro in Istria e Monte Libri\u0107 organizzano l\u2019arrivo di San Nicol\u00f2 alle ore 10:00. San Nicol\u00f2 arriver\u00e0 su un cavallo bianco, accompagnato da una festosa processione di fate, angeli, marinai e tamburini, partendo dall\u2019Anfiteatro e dirigendosi verso la Casa dei Veterani Croati. Qui, come da tradizione, distribuir\u00e0 arance ai bambini della Fiera. I genitori potranno acquistare libri a prezzi scontati per farli regalare da San Nicol\u00f2.<\/li><li>Alle ore 17:00, il Centro per l\u2019Inclusione e il Sostegno Sociale presenter\u00e0 uno spettacolo natalizio nel Parco della Citt\u00e0 di Graz.<\/li><li>Alle 18:00, Karla Kri\u017eman e \u017deljka Kondi\u0107 Dabo presenteranno <em>Il giro del mondo: Piace agli orsi il pan di zenzero?<\/em><\/li><li>Alle 20:00, sotto la direzione di Bruno Krajcar e Radojka \u0160verko, si terr\u00e0 il tradizionale concerto <em>L\u2019Avvento al Duomo<\/em>.<\/li><li>Alle 21:30, Rambo Amadeus, con la partecipazione speciale di Alba Nacinovich, animer\u00e0 Piazza Port\u2019Aurea con una festa indimenticabile.<\/li><\/ul><\/li><li style=\"text-align: justify;\"><strong>7 dicembre<\/strong>:<ul><li>Alle ore 10:30, nel Parco della Citt\u00e0 di Graz, si terr\u00e0 lo spettacolo di illusionismo del mago Stefano.<\/li><li>Alle 17:00 avr\u00e0 inizio il gioco di ricerca <em>Chi ha rapito Rudolf?<\/em>, condotto da \u017duti Ki\u0161obran.<\/li><li>Alle 20:30, Livio Morosin e la sua band proporranno un mix di musica pop, rock ed etno in Piazza Port\u2019Aurea.<\/li><\/ul><\/li><li style=\"text-align: justify;\"><strong>8 dicembre<\/strong>: Alle ore 11:00, la seconda candela dell\u2019Avvento sar\u00e0 accesa presso la fontana di via Ciscutti.<\/li><\/ul>\t\t\t\t\t\t<\/div>\n\t\t\t\t<\/div>\n\t\t\t\t\t<\/div>\n\t\t<\/div>\n\t\t\t\t\t<\/div>\n\t\t<\/section>\n\t\t\t\t<section class=\"elementor-section elementor-top-section elementor-element elementor-element-6a6379f elementor-section-boxed elementor-section-height-default elementor-section-height-default\" data-id=\"6a6379f\" data-element_type=\"section\">\n\t\t\t\t\t\t<div class=\"elementor-container elementor-column-gap-default\">\n\t\t\t\t\t<div class=\"elementor-column elementor-col-100 elementor-top-column elementor-element elementor-element-a92271d\" data-id=\"a92271d\" data-element_type=\"column\">\n\t\t\t<div class=\"elementor-widget-wrap elementor-element-populated\">\n\t\t\t\t\t\t<div class=\"elementor-element elementor-element-e7b03f8 elementor-widget elementor-widget-image\" data-id=\"e7b03f8\" data-element_type=\"widget\" data-settings=\"{&quot;ekit_we_effect_on&quot;:&quot;none&quot;}\" data-widget_type=\"image.default\">\n\t\t\t\t<div class=\"elementor-widget-container\">\n\t\t\t\t\t\t\t\t\t\t\t\t\t<img fetchpriority=\"high\" decoding=\"async\" width=\"800\" height=\"534\" src=\"https:\/\/2024.adventupuli.hr\/wp-content\/uploads\/2024\/12\/2-Park-grada-Graza-1024x683.jpg\" class=\"attachment-large size-large wp-image-17898\" alt=\"\" srcset=\"https:\/\/2024.adventupuli.hr\/wp-content\/uploads\/2024\/12\/2-Park-grada-Graza-1024x683.jpg 1024w, https:\/\/2024.adventupuli.hr\/wp-content\/uploads\/2024\/12\/2-Park-grada-Graza-300x200.jpg 300w, https:\/\/2024.adventupuli.hr\/wp-content\/uploads\/2024\/12\/2-Park-grada-Graza-768x512.jpg 768w, https:\/\/2024.adventupuli.hr\/wp-content\/uploads\/2024\/12\/2-Park-grada-Graza-1536x1024.jpg 1536w, https:\/\/2024.adventupuli.hr\/wp-content\/uploads\/2024\/12\/2-Park-grada-Graza.jpg 1620w\" sizes=\"(max-width: 800px) 100vw, 800px\" \/>\t\t\t\t\t\t\t\t\t\t\t\t\t<\/div>\n\t\t\t\t<\/div>\n\t\t\t\t\t<\/div>\n\t\t<\/div>\n\t\t\t\t\t<\/div>\n\t\t<\/section>\n\t\t\t\t<section class=\"elementor-section elementor-top-section elementor-element elementor-element-2db1a59 elementor-section-boxed elementor-section-height-default elementor-section-height-default\" data-id=\"2db1a59\" data-element_type=\"section\">\n\t\t\t\t\t\t<div class=\"elementor-container elementor-column-gap-default\">\n\t\t\t\t\t<div class=\"elementor-column elementor-col-100 elementor-top-column elementor-element elementor-element-85b53fd\" data-id=\"85b53fd\" data-element_type=\"column\">\n\t\t\t<div class=\"elementor-widget-wrap elementor-element-populated\">\n\t\t\t\t\t\t<div class=\"elementor-element elementor-element-eac4af4 elementor-widget elementor-widget-text-editor\" data-id=\"eac4af4\" data-element_type=\"widget\" data-settings=\"{&quot;ekit_we_effect_on&quot;:&quot;none&quot;}\" data-widget_type=\"text-editor.default\">\n\t\t\t\t<div class=\"elementor-widget-container\">\n\t\t\t\t\t\t\t<p style=\"text-align: justify;\">Infine, l&#8217;evento &#8220;Avvento in Arena&#8221; si aprir\u00e0 il <strong>6 dicembre alle ore 18:00<\/strong>: maggiori dettagli saranno presto disponibili.<\/p>\t\t\t\t\t\t<\/div>\n\t\t\t\t<\/div>\n\t\t\t\t\t<\/div>\n\t\t<\/div>\n\t\t\t\t\t<\/div>\n\t\t<\/section>\n\t\t\t\t<\/div>\n\t\t","protected":false},"excerpt":{"rendered":"<p>La prossima settimana dell&#8217;Avvento offrir\u00e0 numerosi eventi per bambini, l\u2019arrivo di San Nicol\u00f2 e la spettacolare inaugurazione della pista di ghiaccio nell\u2019anfiteatro. Programma dettagliato degli eventi: 4 dicembre: Nel Parco della Citt\u00e0 di Graz, il coro della Scuola Elementare Monte Zaro si esibir\u00e0 alle ore 17:00, seguito dal coro della Chiesa di Sant\u2019Antuna &#8220;Ljiljani&#8221; alle [&hellip;]<\/p>\n","protected":false},"author":1,"featured_media":17893,"comment_status":"open","ping_status":"open","sticky":false,"template":"","format":"standard","meta":{"_acf_changed":false,"footnotes":""},"categories":[250],"tags":[],"class_list":["post-17902","post","type-post","status-publish","format-standard","has-post-thumbnail","hentry","category-notizie"],"aioseo_notices":[],"acf":[],"_links":{"self":[{"href":"https:\/\/2024.adventupuli.hr\/it\/wp-json\/wp\/v2\/posts\/17902"}],"collection":[{"href":"https:\/\/2024.adventupuli.hr\/it\/wp-json\/wp\/v2\/posts"}],"about":[{"href":"https:\/\/2024.adventupuli.hr\/it\/wp-json\/wp\/v2\/types\/post"}],"author":[{"embeddable":true,"href":"https:\/\/2024.adventupuli.hr\/it\/wp-json\/wp\/v2\/users\/1"}],"replies":[{"embeddable":true,"href":"https:\/\/2024.adventupuli.hr\/it\/wp-json\/wp\/v2\/comments?post=17902"}],"version-history":[{"count":4,"href":"https:\/\/2024.adventupuli.hr\/it\/wp-json\/wp\/v2\/posts\/17902\/revisions"}],"predecessor-version":[{"id":17906,"href":"https:\/\/2024.adventupuli.hr\/it\/wp-json\/wp\/v2\/posts\/17902\/revisions\/17906"}],"wp:featuredmedia":[{"embeddable":true,"href":"https:\/\/2024.adventupuli.hr\/it\/wp-json\/wp\/v2\/media\/17893"}],"wp:attachment":[{"href":"https:\/\/2024.adventupuli.hr\/it\/wp-json\/wp\/v2\/media?parent=17902"}],"wp:term":[{"taxonomy":"category","embeddable":true,"href":"https:\/\/2024.adventupuli.hr\/it\/wp-json\/wp\/v2\/categories?post=17902"},{"taxonomy":"post_tag","embeddable":true,"href":"https:\/\/2024.adventupuli.hr\/it\/wp-json\/wp\/v2\/tags?post=17902"}],"curies":[{"name":"wp","href":"https:\/\/api.w.org\/{rel}","templated":true}]}}