{"id":17953,"date":"2024-12-04T10:00:36","date_gmt":"2024-12-04T09:00:36","guid":{"rendered":"https:\/\/2024.adventupuli.hr\/sve-je-spremno-za-prvi-advent-u-areni-uz-do-sada-nevidene-prizore\/"},"modified":"2024-12-04T10:05:20","modified_gmt":"2024-12-04T09:05:20","slug":"sve-je-spremno-za-prvi-advent-u-areni-uz-do-sada-nevidene-prizore","status":"publish","type":"post","link":"https:\/\/2024.adventupuli.hr\/it\/sve-je-spremno-za-prvi-advent-u-areni-uz-do-sada-nevidene-prizore\/","title":{"rendered":"Tutto \u00e8 pronto per il primo Avvento in Arena con scenografie inedite!"},"content":{"rendered":"\t\t<div data-elementor-type=\"wp-post\" data-elementor-id=\"17953\" class=\"elementor elementor-17953 elementor-17939\">\n\t\t\t\t\t\t<section class=\"elementor-section elementor-top-section elementor-element elementor-element-daaf73e elementor-section-boxed elementor-section-height-default elementor-section-height-default\" data-id=\"daaf73e\" data-element_type=\"section\">\n\t\t\t\t\t\t<div class=\"elementor-container elementor-column-gap-default\">\n\t\t\t\t\t<div class=\"elementor-column elementor-col-100 elementor-top-column elementor-element elementor-element-1b15870\" data-id=\"1b15870\" data-element_type=\"column\">\n\t\t\t<div class=\"elementor-widget-wrap elementor-element-populated\">\n\t\t\t\t\t\t<div class=\"elementor-element elementor-element-7c1b100 elementor-widget elementor-widget-text-editor\" data-id=\"7c1b100\" data-element_type=\"widget\" data-settings=\"{&quot;ekit_we_effect_on&quot;:&quot;none&quot;}\" data-widget_type=\"text-editor.default\">\n\t\t\t\t<div class=\"elementor-widget-container\">\n\t\t\t\t\t\t\t<p style=\"text-align: justify;\">Dietro le antiche mura dell\u2019anfiteatro fervono gli ultimi preparativi affinch\u00e9, dal 6 dicembre, la magia del Natale possa diventare protagonista.<\/p><p style=\"text-align: justify;\">Al centro dell\u2019anfiteatro sorger\u00e0 una grande pista di pattinaggio di ben 600 m\u00b2, dotata di tutte le infrastrutture necessarie e gestita da Arctic d.o.o. Gli ideatori del progetto, firmato da Inspiro Lab, hanno installato portici stilizzati lunghi 8 metri, progettati esclusivamente per questo evento come omaggio all\u2019architettura romana.<\/p><p style=\"text-align: justify;\">Tra le attrazioni gi\u00e0 allestite spicca una biga romana trainata da due cavalli, perfetta per scattare fotografie memorabili. Durante tutto il periodo dell\u2019Avvento, la leggenda delle fate, legata alla tradizione locale, sar\u00e0 evocata attraverso decorazioni suggestive.<\/p><p style=\"text-align: justify;\">Le scalinate di pietra saranno trasformate in un bosco innevato con 111 pini, arricchito da effetti speciali di nebbia e un\u2019abbondanza di giochi di luce. Inoltre, dietro le scale, saranno posizionati tre tunnel luminosi, uno dei quali offrir\u00e0 un\u2019esperienza visiva straordinaria con una videoproiezione a tema.<\/p>\t\t\t\t\t\t<\/div>\n\t\t\t\t<\/div>\n\t\t\t\t\t<\/div>\n\t\t<\/div>\n\t\t\t\t\t<\/div>\n\t\t<\/section>\n\t\t\t\t<section class=\"elementor-section elementor-top-section elementor-element elementor-element-b5dc797 elementor-section-boxed elementor-section-height-default elementor-section-height-default\" data-id=\"b5dc797\" data-element_type=\"section\">\n\t\t\t\t\t\t<div class=\"elementor-container elementor-column-gap-default\">\n\t\t\t\t\t<div class=\"elementor-column elementor-col-100 elementor-top-column elementor-element elementor-element-36b3ab7\" data-id=\"36b3ab7\" data-element_type=\"column\">\n\t\t\t<div class=\"elementor-widget-wrap elementor-element-populated\">\n\t\t\t\t\t\t<div class=\"elementor-element elementor-element-327ddb0 elementor-widget elementor-widget-image\" data-id=\"327ddb0\" data-element_type=\"widget\" data-settings=\"{&quot;ekit_we_effect_on&quot;:&quot;none&quot;}\" data-widget_type=\"image.default\">\n\t\t\t\t<div class=\"elementor-widget-container\">\n\t\t\t\t\t\t\t\t\t\t\t\t\t<img fetchpriority=\"high\" decoding=\"async\" width=\"800\" height=\"516\" src=\"https:\/\/2024.adventupuli.hr\/wp-content\/uploads\/2024\/12\/Arena-1-1024x660.jpg\" class=\"attachment-large size-large wp-image-17946\" alt=\"\" srcset=\"https:\/\/2024.adventupuli.hr\/wp-content\/uploads\/2024\/12\/Arena-1-1024x660.jpg 1024w, https:\/\/2024.adventupuli.hr\/wp-content\/uploads\/2024\/12\/Arena-1-300x193.jpg 300w, https:\/\/2024.adventupuli.hr\/wp-content\/uploads\/2024\/12\/Arena-1-768x495.jpg 768w, https:\/\/2024.adventupuli.hr\/wp-content\/uploads\/2024\/12\/Arena-1-1536x990.jpg 1536w, https:\/\/2024.adventupuli.hr\/wp-content\/uploads\/2024\/12\/Arena-1.jpg 1676w\" sizes=\"(max-width: 800px) 100vw, 800px\" \/>\t\t\t\t\t\t\t\t\t\t\t\t\t<\/div>\n\t\t\t\t<\/div>\n\t\t\t\t\t<\/div>\n\t\t<\/div>\n\t\t\t\t\t<\/div>\n\t\t<\/section>\n\t\t\t\t<section class=\"elementor-section elementor-top-section elementor-element elementor-element-8a67203 elementor-section-boxed elementor-section-height-default elementor-section-height-default\" data-id=\"8a67203\" data-element_type=\"section\">\n\t\t\t\t\t\t<div class=\"elementor-container elementor-column-gap-default\">\n\t\t\t\t\t<div class=\"elementor-column elementor-col-100 elementor-top-column elementor-element elementor-element-84042a2\" data-id=\"84042a2\" data-element_type=\"column\">\n\t\t\t<div class=\"elementor-widget-wrap elementor-element-populated\">\n\t\t\t\t\t\t<div class=\"elementor-element elementor-element-df0dfe3 elementor-widget elementor-widget-text-editor\" data-id=\"df0dfe3\" data-element_type=\"widget\" data-settings=\"{&quot;ekit_we_effect_on&quot;:&quot;none&quot;}\" data-widget_type=\"text-editor.default\">\n\t\t\t\t<div class=\"elementor-widget-container\">\n\t\t\t\t\t\t\t<p style=\"text-align: justify;\">&#8220;Quest&#8217;anno, oltre agli eventi dell&#8217;Avvento organizzati in diverse localit\u00e0 del centro citt\u00e0, avremo una pista di pattinaggio sul ghiaccio all&#8217;interno di un&#8217;arena luminosa e splendidamente decorata. Sono certo che la nuova posizione della pista, unita alla vista delle gradinate di pietra innevate e adornate con oltre un centinaio di alberi di Natale, sapr\u00e0 incantare tutti i visitatori, soprattutto gli appassionati di pattinaggio. L&#8217;Avvento a Pola e all&#8217;Arena \u00e8 il pi\u00f9 bello del mondo. Dopo essere stati una rinomata destinazione estiva, diventeremo un punto di riferimento anche durante l&#8217;Avvento,&#8221; ha dichiarato il sindaco Filip Zori\u010di\u0107.<\/p><p style=\"text-align: justify;\">Gli allestimenti e le scenografie finora realizzati hanno gi\u00e0 conquistato i visitatori che nei giorni scorsi hanno esplorato l\u2019Arena. Tutto lascia presagire che venerd\u00ec sar\u00e0 un vero spettacolo visivo per chi decider\u00e0 di partecipare. L\u2019apertura ufficiale della pista di pattinaggio e l\u2019accensione delle luci, accompagnata da un emozionante conto alla rovescia, si terranno il 6 dicembre alle ore 18:00, mentre l\u2019ingresso per i visitatori sar\u00e0 possibile a partire dalle 17:30. Per l\u2019occasione, il club di pattinaggio Medo di Zagabria ha preparato un programma speciale: 50 pattinatori metteranno in scena alcune delle fiabe pi\u00f9 amate, tra cui Cenerentola, Biancaneve, I tre porcellini e altre, con costumi incantevoli, scenografie spettacolari e musiche da balletto. A rendere ancora pi\u00f9 magica l\u2019atmosfera ci sar\u00e0 la musicista polese Kristina Ivekovi\u0107. L\u2019ingresso sul ghiaccio sar\u00e0 accompagnato dal celebre brano natalizio All I Want for Christmas, che annuncer\u00e0 l\u2019inizio della fascia oraria delle 19:00, durante la quale i visitatori potranno unirsi ai pattinatori del Medo Club per un\u2019esperienza unica e indimenticabile.<\/p>\t\t\t\t\t\t<\/div>\n\t\t\t\t<\/div>\n\t\t\t\t\t<\/div>\n\t\t<\/div>\n\t\t\t\t\t<\/div>\n\t\t<\/section>\n\t\t\t\t<section class=\"elementor-section elementor-top-section elementor-element elementor-element-c59e67b elementor-section-boxed elementor-section-height-default elementor-section-height-default\" data-id=\"c59e67b\" data-element_type=\"section\">\n\t\t\t\t\t\t<div class=\"elementor-container elementor-column-gap-default\">\n\t\t\t\t\t<div class=\"elementor-column elementor-col-100 elementor-top-column elementor-element elementor-element-42e0d49\" data-id=\"42e0d49\" data-element_type=\"column\">\n\t\t\t<div class=\"elementor-widget-wrap elementor-element-populated\">\n\t\t\t\t\t\t<div class=\"elementor-element elementor-element-9b8a555 elementor-widget elementor-widget-image\" data-id=\"9b8a555\" data-element_type=\"widget\" data-settings=\"{&quot;ekit_we_effect_on&quot;:&quot;none&quot;}\" data-widget_type=\"image.default\">\n\t\t\t\t<div class=\"elementor-widget-container\">\n\t\t\t\t\t\t\t\t\t\t\t\t\t<img decoding=\"async\" width=\"800\" height=\"534\" src=\"https:\/\/2024.adventupuli.hr\/wp-content\/uploads\/2024\/12\/Arena-2-1024x683.jpg\" class=\"attachment-large size-large wp-image-17949\" alt=\"\" srcset=\"https:\/\/2024.adventupuli.hr\/wp-content\/uploads\/2024\/12\/Arena-2-1024x683.jpg 1024w, https:\/\/2024.adventupuli.hr\/wp-content\/uploads\/2024\/12\/Arena-2-300x200.jpg 300w, https:\/\/2024.adventupuli.hr\/wp-content\/uploads\/2024\/12\/Arena-2-768x512.jpg 768w, https:\/\/2024.adventupuli.hr\/wp-content\/uploads\/2024\/12\/Arena-2-1536x1024.jpg 1536w, https:\/\/2024.adventupuli.hr\/wp-content\/uploads\/2024\/12\/Arena-2.jpg 1620w\" sizes=\"(max-width: 800px) 100vw, 800px\" \/>\t\t\t\t\t\t\t\t\t\t\t\t\t<\/div>\n\t\t\t\t<\/div>\n\t\t\t\t\t<\/div>\n\t\t<\/div>\n\t\t\t\t\t<\/div>\n\t\t<\/section>\n\t\t\t\t<section class=\"elementor-section elementor-top-section elementor-element elementor-element-53079c8 elementor-section-boxed elementor-section-height-default elementor-section-height-default\" data-id=\"53079c8\" data-element_type=\"section\">\n\t\t\t\t\t\t<div class=\"elementor-container elementor-column-gap-default\">\n\t\t\t\t\t<div class=\"elementor-column elementor-col-100 elementor-top-column elementor-element elementor-element-acde579\" data-id=\"acde579\" data-element_type=\"column\">\n\t\t\t<div class=\"elementor-widget-wrap elementor-element-populated\">\n\t\t\t\t\t\t<div class=\"elementor-element elementor-element-fb5b883 elementor-widget elementor-widget-text-editor\" data-id=\"fb5b883\" data-element_type=\"widget\" data-settings=\"{&quot;ekit_we_effect_on&quot;:&quot;none&quot;}\" data-widget_type=\"text-editor.default\">\n\t\t\t\t<div class=\"elementor-widget-container\">\n\t\t\t\t\t\t\t<p style=\"text-align: justify;\">&#8220;L&#8217;Avvento in Arena ha arricchito ulteriormente l&#8217;Avvento a Pola, che, oltre a un ricco programma, offre ora anche una nuova esperienza in un monumento storico, circondato da decorazioni luminose create appositamente per l&#8217;Arena. Credo che, oltre ai cittadini di Pola e dell&#8217;Istria, l&#8217;Avvento nell&#8217;Arena, unico nel suo genere, attirer\u00e0 numerosi visitatori da tutta la Croazia e dai paesi vicini. Questo \u00e8 esattamente l\u2019obiettivo perseguito dall\u2019Ente per il Turismo della Citt\u00e0 di Pola nel decidere di finanziare questo progetto,&#8221; ha dichiarato Sanja Cinkopan Korotaj, direttrice dell&#8217;Ente per il Turismo della Citt\u00e0 di Pola.<\/p><p style=\"text-align: justify;\">I visitatori potranno immergersi nell\u2019atmosfera natalizia e godere di numerosi contenuti a tema che dureranno fino al 6 gennaio 2025. L&#8217;Avvento nell&#8217;Arena \u00e8 organizzato dal Pula Film Festival e sponsorizzato dalla Citt\u00e0 di Pola e dall\u2019Ente per il Turismo della Citt\u00e0 di Pola.<\/p>\t\t\t\t\t\t<\/div>\n\t\t\t\t<\/div>\n\t\t\t\t\t<\/div>\n\t\t<\/div>\n\t\t\t\t\t<\/div>\n\t\t<\/section>\n\t\t\t\t<\/div>\n\t\t","protected":false},"excerpt":{"rendered":"<p>Dietro le antiche mura dell\u2019anfiteatro fervono gli ultimi preparativi affinch\u00e9, dal 6 dicembre, la magia del Natale possa diventare protagonista. Al centro dell\u2019anfiteatro sorger\u00e0 una grande pista di pattinaggio di ben 600 m\u00b2, dotata di tutte le infrastrutture necessarie e gestita da Arctic d.o.o. Gli ideatori del progetto, firmato da Inspiro Lab, hanno installato portici [&hellip;]<\/p>\n","protected":false},"author":1,"featured_media":17942,"comment_status":"open","ping_status":"open","sticky":false,"template":"","format":"standard","meta":{"_acf_changed":false,"footnotes":""},"categories":[250],"tags":[],"class_list":["post-17953","post","type-post","status-publish","format-standard","has-post-thumbnail","hentry","category-notizie"],"aioseo_notices":[],"acf":[],"_links":{"self":[{"href":"https:\/\/2024.adventupuli.hr\/it\/wp-json\/wp\/v2\/posts\/17953"}],"collection":[{"href":"https:\/\/2024.adventupuli.hr\/it\/wp-json\/wp\/v2\/posts"}],"about":[{"href":"https:\/\/2024.adventupuli.hr\/it\/wp-json\/wp\/v2\/types\/post"}],"author":[{"embeddable":true,"href":"https:\/\/2024.adventupuli.hr\/it\/wp-json\/wp\/v2\/users\/1"}],"replies":[{"embeddable":true,"href":"https:\/\/2024.adventupuli.hr\/it\/wp-json\/wp\/v2\/comments?post=17953"}],"version-history":[{"count":4,"href":"https:\/\/2024.adventupuli.hr\/it\/wp-json\/wp\/v2\/posts\/17953\/revisions"}],"predecessor-version":[{"id":17957,"href":"https:\/\/2024.adventupuli.hr\/it\/wp-json\/wp\/v2\/posts\/17953\/revisions\/17957"}],"wp:featuredmedia":[{"embeddable":true,"href":"https:\/\/2024.adventupuli.hr\/it\/wp-json\/wp\/v2\/media\/17942"}],"wp:attachment":[{"href":"https:\/\/2024.adventupuli.hr\/it\/wp-json\/wp\/v2\/media?parent=17953"}],"wp:term":[{"taxonomy":"category","embeddable":true,"href":"https:\/\/2024.adventupuli.hr\/it\/wp-json\/wp\/v2\/categories?post=17953"},{"taxonomy":"post_tag","embeddable":true,"href":"https:\/\/2024.adventupuli.hr\/it\/wp-json\/wp\/v2\/tags?post=17953"}],"curies":[{"name":"wp","href":"https:\/\/api.w.org\/{rel}","templated":true}]}}