{"id":18882,"date":"2024-12-07T10:45:29","date_gmt":"2024-12-07T09:45:29","guid":{"rendered":"https:\/\/2024.adventupuli.hr\/nestvarni-prizori-i-prvi-klizaci-na-ledu-otvoren-je-prvi-advent-u-areni\/"},"modified":"2024-12-09T12:27:38","modified_gmt":"2024-12-09T11:27:38","slug":"nestvarni-prizori-i-prvi-klizaci-na-ledu-otvoren-je-prvi-advent-u-areni","status":"publish","type":"post","link":"https:\/\/2024.adventupuli.hr\/it\/nestvarni-prizori-i-prvi-klizaci-na-ledu-otvoren-je-prvi-advent-u-areni\/","title":{"rendered":"Scene fiabesche e pattinatori sul ghiaccio: inaugurato il primo Avvento all\u2019Arena!"},"content":{"rendered":"<p style=\"text-align: justify;\">O<\/p>\n<p style=\"text-align: justify;\"><span lang=\"IT\">Questo venerd\u00ec, l\u2019Arena di Pola ha brillato per la prima volta nel suo splendore natalizio, accogliendo un folto pubblico. Un programma che ha visto la partecipazione di ben 50 artisti, insieme all\u2019accensione delle decorazioni natalizie, ha segnato ufficialmente l\u2019inizio dell\u2019Avvento all\u2019Arena.<u><\/u><u><\/u><\/span><\/p>\n<p style=\"text-align: justify;\"><span lang=\"IT\">L\u2019esperienza visiva e le scenografie spettacolari hanno incantato i visitatori, mentre gli elementi decorativi esclusivi dell\u2019anfiteatro si sono trasformati immediatamente nello sfondo perfetto per foto ricordo. All\u2019ingresso, un porticato lungo 8 metri, scintillante di luci, accoglie i visitatori e li conduce verso la magia del Natale. Le tribune, completamente innevate e decorate con 111 pini illuminati, fanno da cornice a una biga romana con due cavalli stilizzati, collocata tra le caratteristiche casette dell\u2019Avvento. Passeggiando, i visitatori possono incontrare anche figure di costruttori di fate, evocative di antiche leggende, mentre dietro le bancarelle si snodano tre suggestivi tunnel luminosi. Il tunnel centrale, trasformato dal Visualia Group \u2013 collettivo specializzato in installazioni luminose \u2013 in un\u2019affascinante storia natalizia, cattura l\u2019attenzione grazie a proiezioni tematiche che lasciano il pubblico senza parole.<u><\/u><u><\/u><\/span><\/p>\n<p style=\"text-align: justify;\"><span lang=\"IT\">&#8220;Siamo estremamente orgogliosi di essere gli ideatori dell\u2019Avvento all\u2019Arena e felici di aver trasformato ogni idea in realt\u00e0, esattamente come era stata concepita. Ringraziamo la Citt\u00e0 di Pola, il Pula Film Festival e l\u2019Ente per il turismo di Pola per l\u2019opportunit\u00e0 di collaborare a un progetto che, ne siamo certi, avr\u00e0 un impatto significativo in tutta la regione. Un ringraziamento speciale va anche a tutti coloro che hanno contribuito a rendere l\u2019Arena una fiaba natalizia. L\u2019alta affluenza gi\u00e0 dal primo giorno ci rende fieri del risultato. Crediamo che l\u2019Avvento diventer\u00e0 un motivo per visitare Pola e che i visitatori lasceranno l\u2019Arena con ricordi indimenticabili, desiderosi di tornare,&#8221; ha dichiarato Vedran Babi\u0107 di Inspiro Lab.<u><\/u><u><\/u><\/span><\/p>\n<p style=\"text-align: justify;\"><span lang=\"IT\">Al centro dell\u2019Arena si trova una spaziosa pista di pattinaggio, che ha attirato i primi pattinatori fin dall\u2019inaugurazione. La societ\u00e0 di pattinaggio artistico Medo di Zagabria ha inaugurato il ghiaccio con esibizioni ispirate a fiabe, animate da costumi incantevoli, scenografie spettacolari e musiche da balletto. La musicista polese Kristina Ivekovi\u0107 ha contribuito a creare un\u2019atmosfera magica con la sua straordinaria interpretazione di <em>All I Want for Christmas<\/em>, che ha segnato l\u2019apertura ufficiale della pista di pattinaggio.<u><\/u><u><\/u><\/span><\/p>\n<p style=\"text-align: justify;\"><span lang=\"IT\">&#8220;L\u2019apertura della prima pista di pattinaggio nell\u2019Arena di Pola rappresenta un traguardo importante. Come leader regionale con anni di esperienza nella produzione e nel noleggio di piste di pattinaggio e attrezzature, siamo entusiasti di aver partecipato a questo straordinario evento in un contesto storico unico. Il progetto ha combinato la nostra esperienza tecnica con la possibilit\u00e0 di collaborare con la Citt\u00e0 di Pola, il Pula Film Festival, Inspiro Lab e i nostri partner \u017diviice e Company Logistic j.d.o.o. per offrire un\u2019esperienza invernale indimenticabile. Siamo grati per la fiducia accordata e per l\u2019eccezionale collaborazione ricevuta. Essere parte di un evento di questa portata \u00e8 un vero onore,&#8221; ha affermato Denis Ventin, procuratore di Arctic d.o.o.<u><\/u><u><\/u><\/span><\/p>\n<p style=\"text-align: justify;\"><span lang=\"IT\">I visitatori potranno immergersi in questa magica storia natalizia fino al 6 gennaio 2025. L\u2019Avvento all\u2019Arena sar\u00e0 aperto al pubblico dal luned\u00ec al gioved\u00ec, dalle 10:00 alle 22:00, e il venerd\u00ec e il sabato fino alle 23:00. L\u2019ingresso all\u2019anfiteatro \u00e8 gratuito per tutti.<\/span><\/p>\n<p style=\"text-align: justify;\"><img fetchpriority=\"high\" decoding=\"async\" class=\"aligncenter size-full wp-image-18400\" src=\"https:\/\/2024.adventupuli.hr\/wp-content\/uploads\/2024\/12\/Klizaliste.jpg\" alt=\"\" width=\"1620\" height=\"1080\" srcset=\"https:\/\/2024.adventupuli.hr\/wp-content\/uploads\/2024\/12\/Klizaliste.jpg 1620w, https:\/\/2024.adventupuli.hr\/wp-content\/uploads\/2024\/12\/Klizaliste-300x200.jpg 300w, https:\/\/2024.adventupuli.hr\/wp-content\/uploads\/2024\/12\/Klizaliste-1024x683.jpg 1024w, https:\/\/2024.adventupuli.hr\/wp-content\/uploads\/2024\/12\/Klizaliste-768x512.jpg 768w, https:\/\/2024.adventupuli.hr\/wp-content\/uploads\/2024\/12\/Klizaliste-1536x1024.jpg 1536w\" sizes=\"(max-width: 1620px) 100vw, 1620px\" \/> <img decoding=\"async\" class=\"aligncenter size-full wp-image-18403\" src=\"https:\/\/2024.adventupuli.hr\/wp-content\/uploads\/2024\/12\/Klizaliste-u-Areni.jpg\" alt=\"\" width=\"1620\" height=\"1080\" srcset=\"https:\/\/2024.adventupuli.hr\/wp-content\/uploads\/2024\/12\/Klizaliste-u-Areni.jpg 1620w, https:\/\/2024.adventupuli.hr\/wp-content\/uploads\/2024\/12\/Klizaliste-u-Areni-300x200.jpg 300w, https:\/\/2024.adventupuli.hr\/wp-content\/uploads\/2024\/12\/Klizaliste-u-Areni-1024x683.jpg 1024w, https:\/\/2024.adventupuli.hr\/wp-content\/uploads\/2024\/12\/Klizaliste-u-Areni-768x512.jpg 768w, https:\/\/2024.adventupuli.hr\/wp-content\/uploads\/2024\/12\/Klizaliste-u-Areni-1536x1024.jpg 1536w\" sizes=\"(max-width: 1620px) 100vw, 1620px\" \/> <img decoding=\"async\" class=\"aligncenter size-full wp-image-18406\" src=\"https:\/\/2024.adventupuli.hr\/wp-content\/uploads\/2024\/12\/KK-Medo.jpg\" alt=\"\" width=\"1620\" height=\"1080\" srcset=\"https:\/\/2024.adventupuli.hr\/wp-content\/uploads\/2024\/12\/KK-Medo.jpg 1620w, https:\/\/2024.adventupuli.hr\/wp-content\/uploads\/2024\/12\/KK-Medo-300x200.jpg 300w, https:\/\/2024.adventupuli.hr\/wp-content\/uploads\/2024\/12\/KK-Medo-1024x683.jpg 1024w, https:\/\/2024.adventupuli.hr\/wp-content\/uploads\/2024\/12\/KK-Medo-768x512.jpg 768w, https:\/\/2024.adventupuli.hr\/wp-content\/uploads\/2024\/12\/KK-Medo-1536x1024.jpg 1536w\" sizes=\"(max-width: 1620px) 100vw, 1620px\" \/> <img loading=\"lazy\" decoding=\"async\" class=\"aligncenter size-full wp-image-18409\" src=\"https:\/\/2024.adventupuli.hr\/wp-content\/uploads\/2024\/12\/KK-Medo-2.jpg\" alt=\"\" width=\"1620\" height=\"1080\" srcset=\"https:\/\/2024.adventupuli.hr\/wp-content\/uploads\/2024\/12\/KK-Medo-2.jpg 1620w, https:\/\/2024.adventupuli.hr\/wp-content\/uploads\/2024\/12\/KK-Medo-2-300x200.jpg 300w, https:\/\/2024.adventupuli.hr\/wp-content\/uploads\/2024\/12\/KK-Medo-2-1024x683.jpg 1024w, https:\/\/2024.adventupuli.hr\/wp-content\/uploads\/2024\/12\/KK-Medo-2-768x512.jpg 768w, https:\/\/2024.adventupuli.hr\/wp-content\/uploads\/2024\/12\/KK-Medo-2-1536x1024.jpg 1536w\" sizes=\"(max-width: 1620px) 100vw, 1620px\" \/> <img loading=\"lazy\" decoding=\"async\" class=\"aligncenter size-full wp-image-18412\" src=\"https:\/\/2024.adventupuli.hr\/wp-content\/uploads\/2024\/12\/Advent-u-Areni-scaled.jpg\" alt=\"\" width=\"2560\" height=\"1920\" srcset=\"https:\/\/2024.adventupuli.hr\/wp-content\/uploads\/2024\/12\/Advent-u-Areni-scaled.jpg 2560w, https:\/\/2024.adventupuli.hr\/wp-content\/uploads\/2024\/12\/Advent-u-Areni-300x225.jpg 300w, https:\/\/2024.adventupuli.hr\/wp-content\/uploads\/2024\/12\/Advent-u-Areni-1024x768.jpg 1024w, https:\/\/2024.adventupuli.hr\/wp-content\/uploads\/2024\/12\/Advent-u-Areni-768x576.jpg 768w, https:\/\/2024.adventupuli.hr\/wp-content\/uploads\/2024\/12\/Advent-u-Areni-1536x1152.jpg 1536w, https:\/\/2024.adventupuli.hr\/wp-content\/uploads\/2024\/12\/Advent-u-Areni-2048x1536.jpg 2048w\" sizes=\"(max-width: 2560px) 100vw, 2560px\" \/> <img loading=\"lazy\" decoding=\"async\" class=\"aligncenter size-full wp-image-18415\" src=\"https:\/\/2024.adventupuli.hr\/wp-content\/uploads\/2024\/12\/Advent-u-Areni-4.jpg\" alt=\"\" width=\"1620\" height=\"1080\" srcset=\"https:\/\/2024.adventupuli.hr\/wp-content\/uploads\/2024\/12\/Advent-u-Areni-4.jpg 1620w, https:\/\/2024.adventupuli.hr\/wp-content\/uploads\/2024\/12\/Advent-u-Areni-4-300x200.jpg 300w, https:\/\/2024.adventupuli.hr\/wp-content\/uploads\/2024\/12\/Advent-u-Areni-4-1024x683.jpg 1024w, https:\/\/2024.adventupuli.hr\/wp-content\/uploads\/2024\/12\/Advent-u-Areni-4-768x512.jpg 768w, https:\/\/2024.adventupuli.hr\/wp-content\/uploads\/2024\/12\/Advent-u-Areni-4-1536x1024.jpg 1536w\" sizes=\"(max-width: 1620px) 100vw, 1620px\" \/> <img loading=\"lazy\" decoding=\"async\" class=\"aligncenter size-full wp-image-18418\" src=\"https:\/\/2024.adventupuli.hr\/wp-content\/uploads\/2024\/12\/Advent-u-Areni-3.jpg\" alt=\"\" width=\"1720\" height=\"1080\" srcset=\"https:\/\/2024.adventupuli.hr\/wp-content\/uploads\/2024\/12\/Advent-u-Areni-3.jpg 1720w, https:\/\/2024.adventupuli.hr\/wp-content\/uploads\/2024\/12\/Advent-u-Areni-3-300x188.jpg 300w, https:\/\/2024.adventupuli.hr\/wp-content\/uploads\/2024\/12\/Advent-u-Areni-3-1024x643.jpg 1024w, https:\/\/2024.adventupuli.hr\/wp-content\/uploads\/2024\/12\/Advent-u-Areni-3-768x482.jpg 768w, https:\/\/2024.adventupuli.hr\/wp-content\/uploads\/2024\/12\/Advent-u-Areni-3-1536x964.jpg 1536w\" sizes=\"(max-width: 1720px) 100vw, 1720px\" \/> <img loading=\"lazy\" decoding=\"async\" class=\"aligncenter size-full wp-image-18421\" src=\"https:\/\/2024.adventupuli.hr\/wp-content\/uploads\/2024\/12\/Advent-u-Areni-2-scaled.jpg\" alt=\"\" width=\"2560\" height=\"1920\" srcset=\"https:\/\/2024.adventupuli.hr\/wp-content\/uploads\/2024\/12\/Advent-u-Areni-2-scaled.jpg 2560w, https:\/\/2024.adventupuli.hr\/wp-content\/uploads\/2024\/12\/Advent-u-Areni-2-300x225.jpg 300w, https:\/\/2024.adventupuli.hr\/wp-content\/uploads\/2024\/12\/Advent-u-Areni-2-1024x768.jpg 1024w, https:\/\/2024.adventupuli.hr\/wp-content\/uploads\/2024\/12\/Advent-u-Areni-2-768x576.jpg 768w, https:\/\/2024.adventupuli.hr\/wp-content\/uploads\/2024\/12\/Advent-u-Areni-2-1536x1152.jpg 1536w, https:\/\/2024.adventupuli.hr\/wp-content\/uploads\/2024\/12\/Advent-u-Areni-2-2048x1536.jpg 2048w\" sizes=\"(max-width: 2560px) 100vw, 2560px\" \/><\/p>\n<p style=\"text-align: justify;\">\n","protected":false},"excerpt":{"rendered":"<p>O Questo venerd\u00ec, l\u2019Arena di Pola ha brillato per la prima volta nel suo splendore natalizio, accogliendo un folto pubblico. Un programma che ha visto la partecipazione di ben 50 artisti, insieme all\u2019accensione delle decorazioni natalizie, ha segnato ufficialmente l\u2019inizio dell\u2019Avvento all\u2019Arena. L\u2019esperienza visiva e le scenografie spettacolari hanno incantato i visitatori, mentre gli elementi [&hellip;]<\/p>\n","protected":false},"author":1,"featured_media":18396,"comment_status":"open","ping_status":"open","sticky":false,"template":"","format":"standard","meta":{"_acf_changed":false,"footnotes":""},"categories":[250],"tags":[],"class_list":["post-18882","post","type-post","status-publish","format-standard","has-post-thumbnail","hentry","category-notizie"],"aioseo_notices":[],"acf":[],"_links":{"self":[{"href":"https:\/\/2024.adventupuli.hr\/it\/wp-json\/wp\/v2\/posts\/18882"}],"collection":[{"href":"https:\/\/2024.adventupuli.hr\/it\/wp-json\/wp\/v2\/posts"}],"about":[{"href":"https:\/\/2024.adventupuli.hr\/it\/wp-json\/wp\/v2\/types\/post"}],"author":[{"embeddable":true,"href":"https:\/\/2024.adventupuli.hr\/it\/wp-json\/wp\/v2\/users\/1"}],"replies":[{"embeddable":true,"href":"https:\/\/2024.adventupuli.hr\/it\/wp-json\/wp\/v2\/comments?post=18882"}],"version-history":[{"count":1,"href":"https:\/\/2024.adventupuli.hr\/it\/wp-json\/wp\/v2\/posts\/18882\/revisions"}],"predecessor-version":[{"id":18883,"href":"https:\/\/2024.adventupuli.hr\/it\/wp-json\/wp\/v2\/posts\/18882\/revisions\/18883"}],"wp:featuredmedia":[{"embeddable":true,"href":"https:\/\/2024.adventupuli.hr\/it\/wp-json\/wp\/v2\/media\/18396"}],"wp:attachment":[{"href":"https:\/\/2024.adventupuli.hr\/it\/wp-json\/wp\/v2\/media?parent=18882"}],"wp:term":[{"taxonomy":"category","embeddable":true,"href":"https:\/\/2024.adventupuli.hr\/it\/wp-json\/wp\/v2\/categories?post=18882"},{"taxonomy":"post_tag","embeddable":true,"href":"https:\/\/2024.adventupuli.hr\/it\/wp-json\/wp\/v2\/tags?post=18882"}],"curies":[{"name":"wp","href":"https:\/\/api.w.org\/{rel}","templated":true}]}}