{"id":18942,"date":"2024-12-10T13:23:36","date_gmt":"2024-12-10T12:23:36","guid":{"rendered":"https:\/\/2024.adventupuli.hr\/advent-u-puli-cajanka-na-ledu-djed-mraz-na-motoru-nika-turkovic-i-pavel\/"},"modified":"2024-12-10T13:30:34","modified_gmt":"2024-12-10T12:30:34","slug":"advent-u-puli-cajanka-na-ledu-djed-mraz-na-motoru-nika-turkovic-i-pavel","status":"publish","type":"post","link":"https:\/\/2024.adventupuli.hr\/it\/advent-u-puli-cajanka-na-ledu-djed-mraz-na-motoru-nika-turkovic-i-pavel\/","title":{"rendered":"L\u2019Avvento a Pola \u2013 tea party sul ghiaccio, Babbo Natale in moto, Nika Turkovi\u0107 e Pavel"},"content":{"rendered":"\t\t<div data-elementor-type=\"wp-post\" data-elementor-id=\"18942\" class=\"elementor elementor-18942 elementor-18922\">\n\t\t\t\t\t\t<section class=\"elementor-section elementor-top-section elementor-element elementor-element-e16a7e2 elementor-section-boxed elementor-section-height-default elementor-section-height-default\" data-id=\"e16a7e2\" data-element_type=\"section\">\n\t\t\t\t\t\t<div class=\"elementor-container elementor-column-gap-default\">\n\t\t\t\t\t<div class=\"elementor-column elementor-col-100 elementor-top-column elementor-element elementor-element-d42cd70\" data-id=\"d42cd70\" data-element_type=\"column\">\n\t\t\t<div class=\"elementor-widget-wrap elementor-element-populated\">\n\t\t\t\t\t\t<div class=\"elementor-element elementor-element-93bf263 elementor-widget elementor-widget-text-editor\" data-id=\"93bf263\" data-element_type=\"widget\" data-settings=\"{&quot;ekit_we_effect_on&quot;:&quot;none&quot;}\" data-widget_type=\"text-editor.default\">\n\t\t\t\t<div class=\"elementor-widget-container\">\n\t\t\t\t\t\t\t<p style=\"text-align: justify;\">La settimana dell&#8217;Avvento, dall&#8217;11 al 15 dicembre, propone una serie di eventi per tutte le et\u00e0:<\/p><p style=\"text-align: justify;\"><strong>Mercoled\u00ec<\/strong> <strong>11 dicembre<\/strong>, presso lo stadio del ghiaccio, si terr\u00e0 il &#8220;Tea Party on Ice&#8221;, dove dalle 16:00 alle 18:00 verr\u00e0 distribuito t\u00e8 gratuito a tutti i bambini che verranno a pattinare. Il programma culinario per bambini &#8220;Nella cucina di Babbo Natale&#8221; si svolger\u00e0 in via Sergia 2 (ex farmacia). Alle 17:30, i bambini potranno impastare, cuocere e decorare torte in una cucina completamente adattata per loro, con animatori in costume.<\/p>\t\t\t\t\t\t<\/div>\n\t\t\t\t<\/div>\n\t\t\t\t\t<\/div>\n\t\t<\/div>\n\t\t\t\t\t<\/div>\n\t\t<\/section>\n\t\t\t\t<section class=\"elementor-section elementor-top-section elementor-element elementor-element-a6f0f74 elementor-section-boxed elementor-section-height-default elementor-section-height-default\" data-id=\"a6f0f74\" data-element_type=\"section\">\n\t\t\t\t\t\t<div class=\"elementor-container elementor-column-gap-default\">\n\t\t\t\t\t<div class=\"elementor-column elementor-col-100 elementor-top-column elementor-element elementor-element-bec94d4\" data-id=\"bec94d4\" data-element_type=\"column\">\n\t\t\t<div class=\"elementor-widget-wrap elementor-element-populated\">\n\t\t\t\t\t\t<div class=\"elementor-element elementor-element-134b07e elementor-widget elementor-widget-image\" data-id=\"134b07e\" data-element_type=\"widget\" data-settings=\"{&quot;ekit_we_effect_on&quot;:&quot;none&quot;}\" data-widget_type=\"image.default\">\n\t\t\t\t<div class=\"elementor-widget-container\">\n\t\t\t\t\t\t\t\t\t\t\t\t\t<img fetchpriority=\"high\" decoding=\"async\" width=\"800\" height=\"534\" src=\"https:\/\/2024.adventupuli.hr\/wp-content\/uploads\/2024\/12\/Klizaliste-1-1024x683.jpg\" class=\"attachment-large size-large wp-image-18929\" alt=\"\" srcset=\"https:\/\/2024.adventupuli.hr\/wp-content\/uploads\/2024\/12\/Klizaliste-1-1024x683.jpg 1024w, https:\/\/2024.adventupuli.hr\/wp-content\/uploads\/2024\/12\/Klizaliste-1-300x200.jpg 300w, https:\/\/2024.adventupuli.hr\/wp-content\/uploads\/2024\/12\/Klizaliste-1-768x512.jpg 768w, https:\/\/2024.adventupuli.hr\/wp-content\/uploads\/2024\/12\/Klizaliste-1-1536x1024.jpg 1536w, https:\/\/2024.adventupuli.hr\/wp-content\/uploads\/2024\/12\/Klizaliste-1.jpg 1620w\" sizes=\"(max-width: 800px) 100vw, 800px\" \/>\t\t\t\t\t\t\t\t\t\t\t\t\t<\/div>\n\t\t\t\t<\/div>\n\t\t\t\t\t<\/div>\n\t\t<\/div>\n\t\t\t\t\t<\/div>\n\t\t<\/section>\n\t\t\t\t<section class=\"elementor-section elementor-top-section elementor-element elementor-element-6699a71 elementor-section-boxed elementor-section-height-default elementor-section-height-default\" data-id=\"6699a71\" data-element_type=\"section\">\n\t\t\t\t\t\t<div class=\"elementor-container elementor-column-gap-default\">\n\t\t\t\t\t<div class=\"elementor-column elementor-col-100 elementor-top-column elementor-element elementor-element-136828a\" data-id=\"136828a\" data-element_type=\"column\">\n\t\t\t<div class=\"elementor-widget-wrap elementor-element-populated\">\n\t\t\t\t\t\t<div class=\"elementor-element elementor-element-ba32105 elementor-widget elementor-widget-text-editor\" data-id=\"ba32105\" data-element_type=\"widget\" data-settings=\"{&quot;ekit_we_effect_on&quot;:&quot;none&quot;}\" data-widget_type=\"text-editor.default\">\n\t\t\t\t<div class=\"elementor-widget-container\">\n\t\t\t\t\t\t\t<p style=\"text-align: justify;\"><strong>Gioved\u00ec<\/strong> <strong>12 dicembre<\/strong>, la Piazza Port\u2019Aurea ospiter\u00e0 gli spettacoli dello studio Infinity alle 17:00 e dell&#8217;associazione di danza Sense &amp; Dance alle 18:00. Lo Smooth Jazz Quartet animer\u00e0 la serata in Piazza Foro dalle 20:00 alle 22:00.<\/p>\t\t\t\t\t\t<\/div>\n\t\t\t\t<\/div>\n\t\t\t\t\t<\/div>\n\t\t<\/div>\n\t\t\t\t\t<\/div>\n\t\t<\/section>\n\t\t\t\t<section class=\"elementor-section elementor-top-section elementor-element elementor-element-9b6e0b7 elementor-section-boxed elementor-section-height-default elementor-section-height-default\" data-id=\"9b6e0b7\" data-element_type=\"section\">\n\t\t\t\t\t\t<div class=\"elementor-container elementor-column-gap-default\">\n\t\t\t\t\t<div class=\"elementor-column elementor-col-100 elementor-top-column elementor-element elementor-element-6a4cab9\" data-id=\"6a4cab9\" data-element_type=\"column\">\n\t\t\t<div class=\"elementor-widget-wrap elementor-element-populated\">\n\t\t\t\t\t\t<div class=\"elementor-element elementor-element-50152ab elementor-widget elementor-widget-image\" data-id=\"50152ab\" data-element_type=\"widget\" data-settings=\"{&quot;ekit_we_effect_on&quot;:&quot;none&quot;}\" data-widget_type=\"image.default\">\n\t\t\t\t<div class=\"elementor-widget-container\">\n\t\t\t\t\t\t\t\t\t\t\t\t\t<img decoding=\"async\" width=\"800\" height=\"534\" src=\"https:\/\/2024.adventupuli.hr\/wp-content\/uploads\/2024\/12\/Portarata-ples-1024x683.jpg\" class=\"attachment-large size-large wp-image-18932\" alt=\"\" srcset=\"https:\/\/2024.adventupuli.hr\/wp-content\/uploads\/2024\/12\/Portarata-ples-1024x683.jpg 1024w, https:\/\/2024.adventupuli.hr\/wp-content\/uploads\/2024\/12\/Portarata-ples-300x200.jpg 300w, https:\/\/2024.adventupuli.hr\/wp-content\/uploads\/2024\/12\/Portarata-ples-768x512.jpg 768w, https:\/\/2024.adventupuli.hr\/wp-content\/uploads\/2024\/12\/Portarata-ples-1536x1024.jpg 1536w, https:\/\/2024.adventupuli.hr\/wp-content\/uploads\/2024\/12\/Portarata-ples.jpg 1620w\" sizes=\"(max-width: 800px) 100vw, 800px\" \/>\t\t\t\t\t\t\t\t\t\t\t\t\t<\/div>\n\t\t\t\t<\/div>\n\t\t\t\t\t<\/div>\n\t\t<\/div>\n\t\t\t\t\t<\/div>\n\t\t<\/section>\n\t\t\t\t<section class=\"elementor-section elementor-top-section elementor-element elementor-element-addd83b elementor-section-boxed elementor-section-height-default elementor-section-height-default\" data-id=\"addd83b\" data-element_type=\"section\">\n\t\t\t\t\t\t<div class=\"elementor-container elementor-column-gap-default\">\n\t\t\t\t\t<div class=\"elementor-column elementor-col-100 elementor-top-column elementor-element elementor-element-dc44153\" data-id=\"dc44153\" data-element_type=\"column\">\n\t\t\t<div class=\"elementor-widget-wrap elementor-element-populated\">\n\t\t\t\t\t\t<div class=\"elementor-element elementor-element-fc60324 elementor-widget elementor-widget-text-editor\" data-id=\"fc60324\" data-element_type=\"widget\" data-settings=\"{&quot;ekit_we_effect_on&quot;:&quot;none&quot;}\" data-widget_type=\"text-editor.default\">\n\t\t\t\t<div class=\"elementor-widget-container\">\n\t\t\t\t\t\t\t<p style=\"text-align: justify;\"><strong>Venerd\u00ec<\/strong> <strong>13 dicembre<\/strong>, l&#8217;associazione Birikina presenter\u00e0 lo spettacolo &#8220;Capodanno&#8221; alle 17:30 nel parco della citt\u00e0 di Graz. Alle 20:00 si terr\u00e0 &#8220;Natale a Teatro&#8221;, il concerto di gala umanitario che dal 2013 viene tradizionalmente organizzato durante le vacanze natalizie. Quest&#8217;anno, si esibiranno il famoso musicista Marko \u0160kugor, considerato uno dei migliori tenori della regione, e l&#8217;ospite Zsa Zsa. Alla Piazza Foro, alle 20:00, si terr\u00e0 il concerto di Boleros e Pato Nuno Tellez, mentre alle 20:30, alla Piazza Port\u2019Aurea, si esibir\u00e0 una delle giovani cantautrici croate pi\u00f9 promettenti: Nika Turkovi\u0107. Inoltre, gioved\u00ec e venerd\u00ec, oltre al vin brul\u00e8, i ritmi di DJ Nice ai Giardini ci terranno compagnia.<\/p>\t\t\t\t\t\t<\/div>\n\t\t\t\t<\/div>\n\t\t\t\t\t<\/div>\n\t\t<\/div>\n\t\t\t\t\t<\/div>\n\t\t<\/section>\n\t\t\t\t<section class=\"elementor-section elementor-top-section elementor-element elementor-element-0c3837f elementor-section-boxed elementor-section-height-default elementor-section-height-default\" data-id=\"0c3837f\" data-element_type=\"section\">\n\t\t\t\t\t\t<div class=\"elementor-container elementor-column-gap-default\">\n\t\t\t\t\t<div class=\"elementor-column elementor-col-100 elementor-top-column elementor-element elementor-element-3146e2b\" data-id=\"3146e2b\" data-element_type=\"column\">\n\t\t\t<div class=\"elementor-widget-wrap elementor-element-populated\">\n\t\t\t\t\t\t<div class=\"elementor-element elementor-element-6f4c420 elementor-widget elementor-widget-image\" data-id=\"6f4c420\" data-element_type=\"widget\" data-settings=\"{&quot;ekit_we_effect_on&quot;:&quot;none&quot;}\" data-widget_type=\"image.default\">\n\t\t\t\t<div class=\"elementor-widget-container\">\n\t\t\t\t\t\t\t\t\t\t\t\t\t<img decoding=\"async\" width=\"800\" height=\"534\" src=\"https:\/\/2024.adventupuli.hr\/wp-content\/uploads\/2024\/12\/Pavel-1024x684.jpeg\" class=\"attachment-large size-large wp-image-18935\" alt=\"\" srcset=\"https:\/\/2024.adventupuli.hr\/wp-content\/uploads\/2024\/12\/Pavel-1024x684.jpeg 1024w, https:\/\/2024.adventupuli.hr\/wp-content\/uploads\/2024\/12\/Pavel-300x200.jpeg 300w, https:\/\/2024.adventupuli.hr\/wp-content\/uploads\/2024\/12\/Pavel-768x513.jpeg 768w, https:\/\/2024.adventupuli.hr\/wp-content\/uploads\/2024\/12\/Pavel-1536x1025.jpeg 1536w, https:\/\/2024.adventupuli.hr\/wp-content\/uploads\/2024\/12\/Pavel.jpeg 2048w\" sizes=\"(max-width: 800px) 100vw, 800px\" \/>\t\t\t\t\t\t\t\t\t\t\t\t\t<\/div>\n\t\t\t\t<\/div>\n\t\t\t\t\t<\/div>\n\t\t<\/div>\n\t\t\t\t\t<\/div>\n\t\t<\/section>\n\t\t\t\t<section class=\"elementor-section elementor-top-section elementor-element elementor-element-0a63dd8 elementor-section-boxed elementor-section-height-default elementor-section-height-default\" data-id=\"0a63dd8\" data-element_type=\"section\">\n\t\t\t\t\t\t<div class=\"elementor-container elementor-column-gap-default\">\n\t\t\t\t\t<div class=\"elementor-column elementor-col-100 elementor-top-column elementor-element elementor-element-f12866d\" data-id=\"f12866d\" data-element_type=\"column\">\n\t\t\t<div class=\"elementor-widget-wrap elementor-element-populated\">\n\t\t\t\t\t\t<div class=\"elementor-element elementor-element-b6c9545 elementor-widget elementor-widget-text-editor\" data-id=\"b6c9545\" data-element_type=\"widget\" data-settings=\"{&quot;ekit_we_effect_on&quot;:&quot;none&quot;}\" data-widget_type=\"text-editor.default\">\n\t\t\t\t<div class=\"elementor-widget-container\">\n\t\t\t\t\t\t\t<p style=\"text-align: justify;\"><strong>Sabato 14 dicembre<\/strong>, vari eventi animeranno la giornata. Alle 10:00, l\u2019associazione \u017duti Ki\u0161obran presenter\u00e0 lo spettacolo &#8220;Confusione e chiasso Natalizio&#8221; nel parco della citt\u00e0 di Graz, mentre alle 10:30, il Jazz Christmas Leon Brenko Quartet feat. Ivona Fabris si esibir\u00e0 al Mercato. Alle 11:00, accompagnato dal club motociclistico Twin Horn MC, che per primo in Croazia ha avviato questo tipo di progetto, arriver\u00e0 Babbo Natale, che si unir\u00e0 ai bambini e distribuir\u00e0 caramelle. L&#8217;associazione Puppeta terr\u00e0 un laboratorio natalizio di creazione di bambole nel parco cittadino di Graz alle 17:00. Alle 20:00, i Side Effects si esibiranno in Piazza Foro, mentre Pavel, con i suoi numerosi e pluripremiati successi, salir\u00e0 sul palco della Piazza Port\u2019Aurea alle 20:30.<\/p>\t\t\t\t\t\t<\/div>\n\t\t\t\t<\/div>\n\t\t\t\t\t<\/div>\n\t\t<\/div>\n\t\t\t\t\t<\/div>\n\t\t<\/section>\n\t\t\t\t<section class=\"elementor-section elementor-top-section elementor-element elementor-element-f9ea048 elementor-section-boxed elementor-section-height-default elementor-section-height-default\" data-id=\"f9ea048\" data-element_type=\"section\">\n\t\t\t\t\t\t<div class=\"elementor-container elementor-column-gap-default\">\n\t\t\t\t\t<div class=\"elementor-column elementor-col-100 elementor-top-column elementor-element elementor-element-f5095d5\" data-id=\"f5095d5\" data-element_type=\"column\">\n\t\t\t<div class=\"elementor-widget-wrap elementor-element-populated\">\n\t\t\t\t\t\t<div class=\"elementor-element elementor-element-31d0a2d elementor-widget elementor-widget-image\" data-id=\"31d0a2d\" data-element_type=\"widget\" data-settings=\"{&quot;ekit_we_effect_on&quot;:&quot;none&quot;}\" data-widget_type=\"image.default\">\n\t\t\t\t<div class=\"elementor-widget-container\">\n\t\t\t\t\t\t\t\t\t\t\t\t\t<img loading=\"lazy\" decoding=\"async\" width=\"800\" height=\"534\" src=\"https:\/\/2024.adventupuli.hr\/wp-content\/uploads\/2024\/12\/U-kuhinji-Bake-Mraz-1024x683.jpg\" class=\"attachment-large size-large wp-image-18938\" alt=\"\" srcset=\"https:\/\/2024.adventupuli.hr\/wp-content\/uploads\/2024\/12\/U-kuhinji-Bake-Mraz-1024x683.jpg 1024w, https:\/\/2024.adventupuli.hr\/wp-content\/uploads\/2024\/12\/U-kuhinji-Bake-Mraz-300x200.jpg 300w, https:\/\/2024.adventupuli.hr\/wp-content\/uploads\/2024\/12\/U-kuhinji-Bake-Mraz-768x512.jpg 768w, https:\/\/2024.adventupuli.hr\/wp-content\/uploads\/2024\/12\/U-kuhinji-Bake-Mraz-1536x1024.jpg 1536w, https:\/\/2024.adventupuli.hr\/wp-content\/uploads\/2024\/12\/U-kuhinji-Bake-Mraz.jpg 1620w\" sizes=\"(max-width: 800px) 100vw, 800px\" \/>\t\t\t\t\t\t\t\t\t\t\t\t\t<\/div>\n\t\t\t\t<\/div>\n\t\t\t\t\t<\/div>\n\t\t<\/div>\n\t\t\t\t\t<\/div>\n\t\t<\/section>\n\t\t\t\t<section class=\"elementor-section elementor-top-section elementor-element elementor-element-e0510a7 elementor-section-boxed elementor-section-height-default elementor-section-height-default\" data-id=\"e0510a7\" data-element_type=\"section\">\n\t\t\t\t\t\t<div class=\"elementor-container elementor-column-gap-default\">\n\t\t\t\t\t<div class=\"elementor-column elementor-col-100 elementor-top-column elementor-element elementor-element-6e10cab\" data-id=\"6e10cab\" data-element_type=\"column\">\n\t\t\t<div class=\"elementor-widget-wrap elementor-element-populated\">\n\t\t\t\t\t\t<div class=\"elementor-element elementor-element-0d4b965 elementor-widget elementor-widget-text-editor\" data-id=\"0d4b965\" data-element_type=\"widget\" data-settings=\"{&quot;ekit_we_effect_on&quot;:&quot;none&quot;}\" data-widget_type=\"text-editor.default\">\n\t\t\t\t<div class=\"elementor-widget-container\">\n\t\t\t\t\t\t\t<p style=\"text-align: justify;\"><strong>Domenica 15 dicembre<\/strong>, alle 11:00, avr\u00e0 luogo l&#8217;accensione della terza candela dell&#8217;Avvento presso la fontana in via Ciscutti, accompagnata dal SAC Matko Braj\u0161a Ra\u0161an. Il programma di animazione e intrattenimento &#8220;Lo Schiaccianoci&#8221; della Zemlja zabave arriver\u00e0 sulla pista di ghiaccio all\u2019anfiteatro alle 17:00.<\/p>\t\t\t\t\t\t<\/div>\n\t\t\t\t<\/div>\n\t\t\t\t\t<\/div>\n\t\t<\/div>\n\t\t\t\t\t<\/div>\n\t\t<\/section>\n\t\t\t\t<section class=\"elementor-section elementor-top-section elementor-element elementor-element-ec695a3 elementor-section-boxed elementor-section-height-default elementor-section-height-default\" data-id=\"ec695a3\" data-element_type=\"section\">\n\t\t\t\t\t\t<div class=\"elementor-container elementor-column-gap-default\">\n\t\t\t\t\t<div class=\"elementor-column elementor-col-100 elementor-top-column elementor-element elementor-element-342409d\" data-id=\"342409d\" data-element_type=\"column\">\n\t\t\t<div class=\"elementor-widget-wrap elementor-element-populated\">\n\t\t\t\t\t\t<div class=\"elementor-element elementor-element-9da9874 elementor-widget elementor-widget-text-editor\" data-id=\"9da9874\" data-element_type=\"widget\" data-settings=\"{&quot;ekit_we_effect_on&quot;:&quot;none&quot;}\" data-widget_type=\"text-editor.default\">\n\t\t\t\t<div class=\"elementor-widget-container\">\n\t\t\t\t\t\t\t<blockquote><p>Trovate le fotografie dell\u2019Avvento nella <a href=\"https:\/\/2024.adventupuli.hr\/it\/galerija\">GALLERIA FOTO<\/a><\/p><\/blockquote>\t\t\t\t\t\t<\/div>\n\t\t\t\t<\/div>\n\t\t\t\t\t<\/div>\n\t\t<\/div>\n\t\t\t\t\t<\/div>\n\t\t<\/section>\n\t\t\t\t<\/div>\n\t\t","protected":false},"excerpt":{"rendered":"<p>La settimana dell&#8217;Avvento, dall&#8217;11 al 15 dicembre, propone una serie di eventi per tutte le et\u00e0: Mercoled\u00ec 11 dicembre, presso lo stadio del ghiaccio, si terr\u00e0 il &#8220;Tea Party on Ice&#8221;, dove dalle 16:00 alle 18:00 verr\u00e0 distribuito t\u00e8 gratuito a tutti i bambini che verranno a pattinare. Il programma culinario per bambini &#8220;Nella cucina [&hellip;]<\/p>\n","protected":false},"author":1,"featured_media":18925,"comment_status":"open","ping_status":"open","sticky":false,"template":"","format":"standard","meta":{"_acf_changed":false,"footnotes":""},"categories":[250],"tags":[],"class_list":["post-18942","post","type-post","status-publish","format-standard","has-post-thumbnail","hentry","category-notizie"],"aioseo_notices":[],"acf":[],"_links":{"self":[{"href":"https:\/\/2024.adventupuli.hr\/it\/wp-json\/wp\/v2\/posts\/18942"}],"collection":[{"href":"https:\/\/2024.adventupuli.hr\/it\/wp-json\/wp\/v2\/posts"}],"about":[{"href":"https:\/\/2024.adventupuli.hr\/it\/wp-json\/wp\/v2\/types\/post"}],"author":[{"embeddable":true,"href":"https:\/\/2024.adventupuli.hr\/it\/wp-json\/wp\/v2\/users\/1"}],"replies":[{"embeddable":true,"href":"https:\/\/2024.adventupuli.hr\/it\/wp-json\/wp\/v2\/comments?post=18942"}],"version-history":[{"count":4,"href":"https:\/\/2024.adventupuli.hr\/it\/wp-json\/wp\/v2\/posts\/18942\/revisions"}],"predecessor-version":[{"id":18946,"href":"https:\/\/2024.adventupuli.hr\/it\/wp-json\/wp\/v2\/posts\/18942\/revisions\/18946"}],"wp:featuredmedia":[{"embeddable":true,"href":"https:\/\/2024.adventupuli.hr\/it\/wp-json\/wp\/v2\/media\/18925"}],"wp:attachment":[{"href":"https:\/\/2024.adventupuli.hr\/it\/wp-json\/wp\/v2\/media?parent=18942"}],"wp:term":[{"taxonomy":"category","embeddable":true,"href":"https:\/\/2024.adventupuli.hr\/it\/wp-json\/wp\/v2\/categories?post=18942"},{"taxonomy":"post_tag","embeddable":true,"href":"https:\/\/2024.adventupuli.hr\/it\/wp-json\/wp\/v2\/tags?post=18942"}],"curies":[{"name":"wp","href":"https:\/\/api.w.org\/{rel}","templated":true}]}}