{"id":19780,"date":"2024-12-17T14:34:21","date_gmt":"2024-12-17T13:34:21","guid":{"rendered":"https:\/\/2024.adventupuli.hr\/izuzetni-programi-i-glazba-za-sve-ukuse\/"},"modified":"2024-12-17T14:38:55","modified_gmt":"2024-12-17T13:38:55","slug":"izuzetni-programi-i-glazba-za-sve-ukuse","status":"publish","type":"post","link":"https:\/\/2024.adventupuli.hr\/it\/izuzetni-programi-i-glazba-za-sve-ukuse\/","title":{"rendered":"Programmi straordinari e musica per tutti i gusti"},"content":{"rendered":"\t\t<div data-elementor-type=\"wp-post\" data-elementor-id=\"19780\" class=\"elementor elementor-19780 elementor-19763\">\n\t\t\t\t\t\t<section class=\"elementor-section elementor-top-section elementor-element elementor-element-4dfd45d elementor-section-boxed elementor-section-height-default elementor-section-height-default\" data-id=\"4dfd45d\" data-element_type=\"section\">\n\t\t\t\t\t\t<div class=\"elementor-container elementor-column-gap-default\">\n\t\t\t\t\t<div class=\"elementor-column elementor-col-100 elementor-top-column elementor-element elementor-element-a682023\" data-id=\"a682023\" data-element_type=\"column\">\n\t\t\t<div class=\"elementor-widget-wrap elementor-element-populated\">\n\t\t\t\t\t\t<div class=\"elementor-element elementor-element-d626d64 elementor-widget elementor-widget-text-editor\" data-id=\"d626d64\" data-element_type=\"widget\" data-settings=\"{&quot;ekit_we_effect_on&quot;:&quot;none&quot;}\" data-widget_type=\"text-editor.default\">\n\t\t\t\t<div class=\"elementor-widget-container\">\n\t\t\t\t\t\t\t<p style=\"text-align: justify;\">La seconda met\u00e0 di dicembre sar\u00e0 ricca di eventi per tutte le et\u00e0. Oltre ai programmi quotidiani, alla Residenza di Babbo Natale e alla pista di pattinaggio, cittadini e visitatori potranno godere di un&#8217;ampia variet\u00e0 di attivit\u00e0 per tutti i gusti e interessi.<\/p><p style=\"text-align: justify;\">Babbo Natale, Mamma Natale e gli elfi accoglieranno i pi\u00f9 piccoli nella loro casetta nel parco della Citt\u00e0 di Graz fino al 24 dicembre, dalle 10:00 alle 12:00 e dalle 17:00 alle 20:00.<\/p><p style=\"text-align: justify;\">Mercoled\u00ec 18 dicembre, presso la pista di pattinaggio, si terr\u00e0 l\u2019evento &#8220;T\u00e8 sul ghiaccio&#8221;, durante il quale verr\u00e0 distribuito t\u00e8 gratuito a tutti i bambini presenti dalle 16:00 alle 18:00. Alle 17:30, la Yamaha Music School presenter\u00e0 il concerto &#8220;Pola per Pola&#8221; nel parco cittadino di Graz.<\/p>\t\t\t\t\t\t<\/div>\n\t\t\t\t<\/div>\n\t\t\t\t\t<\/div>\n\t\t<\/div>\n\t\t\t\t\t<\/div>\n\t\t<\/section>\n\t\t\t\t<section class=\"elementor-section elementor-top-section elementor-element elementor-element-3a1d09a elementor-section-boxed elementor-section-height-default elementor-section-height-default\" data-id=\"3a1d09a\" data-element_type=\"section\">\n\t\t\t\t\t\t<div class=\"elementor-container elementor-column-gap-default\">\n\t\t\t\t\t<div class=\"elementor-column elementor-col-100 elementor-top-column elementor-element elementor-element-4049b42\" data-id=\"4049b42\" data-element_type=\"column\">\n\t\t\t<div class=\"elementor-widget-wrap elementor-element-populated\">\n\t\t\t\t\t\t<div class=\"elementor-element elementor-element-77e064d elementor-widget elementor-widget-image\" data-id=\"77e064d\" data-element_type=\"widget\" data-settings=\"{&quot;ekit_we_effect_on&quot;:&quot;none&quot;}\" data-widget_type=\"image.default\">\n\t\t\t\t<div class=\"elementor-widget-container\">\n\t\t\t\t\t\t\t\t\t\t\t\t\t<img fetchpriority=\"high\" decoding=\"async\" width=\"800\" height=\"534\" src=\"https:\/\/2024.adventupuli.hr\/wp-content\/uploads\/2024\/12\/Ples-na-Portarati-1024x683.jpg\" class=\"attachment-large size-large wp-image-19770\" alt=\"\" srcset=\"https:\/\/2024.adventupuli.hr\/wp-content\/uploads\/2024\/12\/Ples-na-Portarati-1024x683.jpg 1024w, https:\/\/2024.adventupuli.hr\/wp-content\/uploads\/2024\/12\/Ples-na-Portarati-300x200.jpg 300w, https:\/\/2024.adventupuli.hr\/wp-content\/uploads\/2024\/12\/Ples-na-Portarati-768x512.jpg 768w, https:\/\/2024.adventupuli.hr\/wp-content\/uploads\/2024\/12\/Ples-na-Portarati-1536x1024.jpg 1536w, https:\/\/2024.adventupuli.hr\/wp-content\/uploads\/2024\/12\/Ples-na-Portarati.jpg 1620w\" sizes=\"(max-width: 800px) 100vw, 800px\" \/>\t\t\t\t\t\t\t\t\t\t\t\t\t<\/div>\n\t\t\t\t<\/div>\n\t\t\t\t\t<\/div>\n\t\t<\/div>\n\t\t\t\t\t<\/div>\n\t\t<\/section>\n\t\t\t\t<section class=\"elementor-section elementor-top-section elementor-element elementor-element-08af22b elementor-section-boxed elementor-section-height-default elementor-section-height-default\" data-id=\"08af22b\" data-element_type=\"section\">\n\t\t\t\t\t\t<div class=\"elementor-container elementor-column-gap-default\">\n\t\t\t\t\t<div class=\"elementor-column elementor-col-100 elementor-top-column elementor-element elementor-element-b5d894e\" data-id=\"b5d894e\" data-element_type=\"column\">\n\t\t\t<div class=\"elementor-widget-wrap elementor-element-populated\">\n\t\t\t\t\t\t<div class=\"elementor-element elementor-element-5b92134 elementor-widget elementor-widget-text-editor\" data-id=\"5b92134\" data-element_type=\"widget\" data-settings=\"{&quot;ekit_we_effect_on&quot;:&quot;none&quot;}\" data-widget_type=\"text-editor.default\">\n\t\t\t\t<div class=\"elementor-widget-container\">\n\t\t\t\t\t\t\t<p style=\"text-align: justify;\">Gioved\u00ec 19 dicembre sar\u00e0 dedicato alla danza sulla Piazza Port\u2019\u2019Aurea; alle 17:00 si esibir\u00e0 lo Studio di danza Saltatrix, seguito alle 18:00 dallo Studio di danza Pirueta e, alle 19:00, dalla scuola di danza Cool Step. In Piazza Foro, dalle 20:00, si esibiranno Sonja e 6 Mamurluka, una talentuosa sassofonista e cantante accompagnata da giovani musicisti, che presenteranno un repertorio fresco e innovativo.<\/p><p style=\"text-align: justify;\">Venerd\u00ec 20 dicembre, alle 17:00, i pi\u00f9 piccoli potranno assistere nel parco della Citt\u00e0 di Graz allo spettacolo di burattini &#8220;La scatola di Natale&#8221;, a cura dell&#8217;Associazione Puppeta. Sempre quella sera, la pi\u00f9 grande tribute band degli Arctic Monkeys della regione, gli Stereo Deficit, si esibir\u00e0 per la prima volta a Pola, in Piazza Port\u2019Aurea, alle 20:30. Il giorno seguente, Medea e Tedi Grubica animeranno la Piazza Foro con la loro musica, a partire dalle 20:00.<\/p>\t\t\t\t\t\t<\/div>\n\t\t\t\t<\/div>\n\t\t\t\t\t<\/div>\n\t\t<\/div>\n\t\t\t\t\t<\/div>\n\t\t<\/section>\n\t\t\t\t<section class=\"elementor-section elementor-top-section elementor-element elementor-element-ce196ff elementor-section-boxed elementor-section-height-default elementor-section-height-default\" data-id=\"ce196ff\" data-element_type=\"section\">\n\t\t\t\t\t\t<div class=\"elementor-container elementor-column-gap-default\">\n\t\t\t\t\t<div class=\"elementor-column elementor-col-100 elementor-top-column elementor-element elementor-element-28f8e56\" data-id=\"28f8e56\" data-element_type=\"column\">\n\t\t\t<div class=\"elementor-widget-wrap elementor-element-populated\">\n\t\t\t\t\t\t<div class=\"elementor-element elementor-element-8b3000a elementor-widget elementor-widget-image\" data-id=\"8b3000a\" data-element_type=\"widget\" data-settings=\"{&quot;ekit_we_effect_on&quot;:&quot;none&quot;}\" data-widget_type=\"image.default\">\n\t\t\t\t<div class=\"elementor-widget-container\">\n\t\t\t\t\t\t\t\t\t\t\t\t\t<img decoding=\"async\" width=\"800\" height=\"534\" src=\"https:\/\/2024.adventupuli.hr\/wp-content\/uploads\/2024\/12\/Cirkus-NIT-1024x683.jpg\" class=\"attachment-large size-large wp-image-19773\" alt=\"\" srcset=\"https:\/\/2024.adventupuli.hr\/wp-content\/uploads\/2024\/12\/Cirkus-NIT-1024x683.jpg 1024w, https:\/\/2024.adventupuli.hr\/wp-content\/uploads\/2024\/12\/Cirkus-NIT-300x200.jpg 300w, https:\/\/2024.adventupuli.hr\/wp-content\/uploads\/2024\/12\/Cirkus-NIT-768x512.jpg 768w, https:\/\/2024.adventupuli.hr\/wp-content\/uploads\/2024\/12\/Cirkus-NIT-1536x1024.jpg 1536w, https:\/\/2024.adventupuli.hr\/wp-content\/uploads\/2024\/12\/Cirkus-NIT.jpg 1620w\" sizes=\"(max-width: 800px) 100vw, 800px\" \/>\t\t\t\t\t\t\t\t\t\t\t\t\t<\/div>\n\t\t\t\t<\/div>\n\t\t\t\t\t<\/div>\n\t\t<\/div>\n\t\t\t\t\t<\/div>\n\t\t<\/section>\n\t\t\t\t<section class=\"elementor-section elementor-top-section elementor-element elementor-element-5137a92 elementor-section-boxed elementor-section-height-default elementor-section-height-default\" data-id=\"5137a92\" data-element_type=\"section\">\n\t\t\t\t\t\t<div class=\"elementor-container elementor-column-gap-default\">\n\t\t\t\t\t<div class=\"elementor-column elementor-col-100 elementor-top-column elementor-element elementor-element-bb319f8\" data-id=\"bb319f8\" data-element_type=\"column\">\n\t\t\t<div class=\"elementor-widget-wrap elementor-element-populated\">\n\t\t\t\t\t\t<div class=\"elementor-element elementor-element-e7060fe elementor-widget elementor-widget-text-editor\" data-id=\"e7060fe\" data-element_type=\"widget\" data-settings=\"{&quot;ekit_we_effect_on&quot;:&quot;none&quot;}\" data-widget_type=\"text-editor.default\">\n\t\t\t\t<div class=\"elementor-widget-container\">\n\t\t\t\t\t\t\t<p style=\"text-align: justify;\">l 21 al 30 dicembre torner\u00e0 a circolare Il Trenino Felice, con corse gratuite di circa 30 minuti. La fermata di partenza sar\u00e0 davanti all&#8217;Arena e il servizio sar\u00e0 attivo nei giorni feriali e festivi dalle 16:00 alle 20:00. Nei weekend, invece, saranno previsti due turni: dalle 10:00 alle 13:00 e dalle 16:00 alle 20:00.<\/p><p style=\"text-align: justify;\">Sabato 21 dicembre, i bambini potranno assistere a due spettacoli nel parco della Citt\u00e0 di Graz: &#8220;La ricetta segreta di Babbo Natale&#8221; del Teatar Naran\u010da alle 10:30 e &#8220;Un Natale sottosopra&#8221; del Circo NIT alle 17:30. La musica della serata sar\u00e0 affidata ai Side Effects in Piazza Foro, dalle 20:00, e alla Klapa Cambi in Piazza Port\u2019Aurea, dalle 20:30.<\/p><p style=\"text-align: justify;\">Domenica 22 dicembre, alle 11:00, l\u2019ultima candela dell\u2019Avvento verr\u00e0 accesa presso la fontana in via Ciscutti, accompagnata dal coro KUD Lino Mariani. Alle 17:00, sulla pista di pattinaggio, arriver\u00e0 il programma di animazione &#8220;Saluti dal Polo Nord&#8221;, organizzato da Zemlja Zabave.<\/p>\t\t\t\t\t\t<\/div>\n\t\t\t\t<\/div>\n\t\t\t\t\t<\/div>\n\t\t<\/div>\n\t\t\t\t\t<\/div>\n\t\t<\/section>\n\t\t\t\t<section class=\"elementor-section elementor-top-section elementor-element elementor-element-4019b5c elementor-section-boxed elementor-section-height-default elementor-section-height-default\" data-id=\"4019b5c\" data-element_type=\"section\">\n\t\t\t\t\t\t<div class=\"elementor-container elementor-column-gap-default\">\n\t\t\t\t\t<div class=\"elementor-column elementor-col-100 elementor-top-column elementor-element elementor-element-692e1db\" data-id=\"692e1db\" data-element_type=\"column\">\n\t\t\t<div class=\"elementor-widget-wrap elementor-element-populated\">\n\t\t\t\t\t\t<div class=\"elementor-element elementor-element-d4ac29a elementor-widget elementor-widget-image\" data-id=\"d4ac29a\" data-element_type=\"widget\" data-settings=\"{&quot;ekit_we_effect_on&quot;:&quot;none&quot;}\" data-widget_type=\"image.default\">\n\t\t\t\t<div class=\"elementor-widget-container\">\n\t\t\t\t\t\t\t\t\t\t\t\t\t<img decoding=\"async\" width=\"800\" height=\"462\" src=\"https:\/\/2024.adventupuli.hr\/wp-content\/uploads\/2024\/12\/Klapa-Cambi-1024x591.jpg\" class=\"attachment-large size-large wp-image-19776\" alt=\"\" srcset=\"https:\/\/2024.adventupuli.hr\/wp-content\/uploads\/2024\/12\/Klapa-Cambi-1024x591.jpg 1024w, https:\/\/2024.adventupuli.hr\/wp-content\/uploads\/2024\/12\/Klapa-Cambi-300x173.jpg 300w, https:\/\/2024.adventupuli.hr\/wp-content\/uploads\/2024\/12\/Klapa-Cambi-768x443.jpg 768w, https:\/\/2024.adventupuli.hr\/wp-content\/uploads\/2024\/12\/Klapa-Cambi-1536x887.jpg 1536w, https:\/\/2024.adventupuli.hr\/wp-content\/uploads\/2024\/12\/Klapa-Cambi-2048x1182.jpg 2048w\" sizes=\"(max-width: 800px) 100vw, 800px\" \/>\t\t\t\t\t\t\t\t\t\t\t\t\t<\/div>\n\t\t\t\t<\/div>\n\t\t\t\t\t<\/div>\n\t\t<\/div>\n\t\t\t\t\t<\/div>\n\t\t<\/section>\n\t\t\t\t<\/div>\n\t\t","protected":false},"excerpt":{"rendered":"<p>La seconda met\u00e0 di dicembre sar\u00e0 ricca di eventi per tutte le et\u00e0. Oltre ai programmi quotidiani, alla Residenza di Babbo Natale e alla pista di pattinaggio, cittadini e visitatori potranno godere di un&#8217;ampia variet\u00e0 di attivit\u00e0 per tutti i gusti e interessi. Babbo Natale, Mamma Natale e gli elfi accoglieranno i pi\u00f9 piccoli nella [&hellip;]<\/p>\n","protected":false},"author":1,"featured_media":19766,"comment_status":"open","ping_status":"open","sticky":false,"template":"","format":"standard","meta":{"_acf_changed":false,"footnotes":""},"categories":[250],"tags":[],"class_list":["post-19780","post","type-post","status-publish","format-standard","has-post-thumbnail","hentry","category-notizie"],"aioseo_notices":[],"acf":[],"_links":{"self":[{"href":"https:\/\/2024.adventupuli.hr\/it\/wp-json\/wp\/v2\/posts\/19780"}],"collection":[{"href":"https:\/\/2024.adventupuli.hr\/it\/wp-json\/wp\/v2\/posts"}],"about":[{"href":"https:\/\/2024.adventupuli.hr\/it\/wp-json\/wp\/v2\/types\/post"}],"author":[{"embeddable":true,"href":"https:\/\/2024.adventupuli.hr\/it\/wp-json\/wp\/v2\/users\/1"}],"replies":[{"embeddable":true,"href":"https:\/\/2024.adventupuli.hr\/it\/wp-json\/wp\/v2\/comments?post=19780"}],"version-history":[{"count":7,"href":"https:\/\/2024.adventupuli.hr\/it\/wp-json\/wp\/v2\/posts\/19780\/revisions"}],"predecessor-version":[{"id":19787,"href":"https:\/\/2024.adventupuli.hr\/it\/wp-json\/wp\/v2\/posts\/19780\/revisions\/19787"}],"wp:featuredmedia":[{"embeddable":true,"href":"https:\/\/2024.adventupuli.hr\/it\/wp-json\/wp\/v2\/media\/19766"}],"wp:attachment":[{"href":"https:\/\/2024.adventupuli.hr\/it\/wp-json\/wp\/v2\/media?parent=19780"}],"wp:term":[{"taxonomy":"category","embeddable":true,"href":"https:\/\/2024.adventupuli.hr\/it\/wp-json\/wp\/v2\/categories?post=19780"},{"taxonomy":"post_tag","embeddable":true,"href":"https:\/\/2024.adventupuli.hr\/it\/wp-json\/wp\/v2\/tags?post=19780"}],"curies":[{"name":"wp","href":"https:\/\/api.w.org\/{rel}","templated":true}]}}