{"id":19870,"date":"2024-12-19T14:29:12","date_gmt":"2024-12-19T13:29:12","guid":{"rendered":"https:\/\/2024.adventupuli.hr\/bozicne-jaslice-u-opcoj-bolnici-pula\/"},"modified":"2024-12-19T14:35:37","modified_gmt":"2024-12-19T13:35:37","slug":"bozicne-jaslice-u-opcoj-bolnici-pula","status":"publish","type":"post","link":"https:\/\/2024.adventupuli.hr\/it\/bozicne-jaslice-u-opcoj-bolnici-pula\/","title":{"rendered":"Il presepe natalizio all\u2019ospedale di Pola"},"content":{"rendered":"\t\t<div data-elementor-type=\"wp-post\" data-elementor-id=\"19870\" class=\"elementor elementor-19870 elementor-19852\">\n\t\t\t\t\t\t<section class=\"elementor-section elementor-top-section elementor-element elementor-element-407609d elementor-section-boxed elementor-section-height-default elementor-section-height-default\" data-id=\"407609d\" data-element_type=\"section\">\n\t\t\t\t\t\t<div class=\"elementor-container elementor-column-gap-default\">\n\t\t\t\t\t<div class=\"elementor-column elementor-col-100 elementor-top-column elementor-element elementor-element-9d86d11\" data-id=\"9d86d11\" data-element_type=\"column\">\n\t\t\t<div class=\"elementor-widget-wrap elementor-element-populated\">\n\t\t\t\t\t\t<div class=\"elementor-element elementor-element-79ff379 elementor-widget elementor-widget-text-editor\" data-id=\"79ff379\" data-element_type=\"widget\" data-settings=\"{&quot;ekit_we_effect_on&quot;:&quot;none&quot;}\" data-widget_type=\"text-editor.default\">\n\t\t\t\t<div class=\"elementor-widget-container\">\n\t\t\t\t\t\t\t<h3><span lang=\"IT\">Un gesto di grande sensibilit\u00e0 da parte degli organizzatori di Avvento in Arena!<\/span><\/h3><p style=\"text-align: justify;\"><span lang=\"IT\">Da oggi, l\u2019ospedale generale di Pola accoglie un presepe natalizio unico nel suo genere, pensato per portare un tocco di gioia e serenit\u00e0 durante le festivit\u00e0 a chi si trova a trascorrere questo periodo in ospedale, sia come paziente che come operatore sanitario. Il presepe \u00e8 stato collocato all\u2019ingresso principale, al piano terra dell\u2019Edificio 1, il punto pi\u00f9 frequentato dell\u2019ospedale, dove si incrociano pazienti, personale medico e visitatori.<\/span><\/p>\t\t\t\t\t\t<\/div>\n\t\t\t\t<\/div>\n\t\t\t\t\t<\/div>\n\t\t<\/div>\n\t\t\t\t\t<\/div>\n\t\t<\/section>\n\t\t\t\t<section class=\"elementor-section elementor-top-section elementor-element elementor-element-f6fae29 elementor-section-boxed elementor-section-height-default elementor-section-height-default\" data-id=\"f6fae29\" data-element_type=\"section\">\n\t\t\t\t\t\t<div class=\"elementor-container elementor-column-gap-default\">\n\t\t\t\t\t<div class=\"elementor-column elementor-col-100 elementor-top-column elementor-element elementor-element-906cd7c\" data-id=\"906cd7c\" data-element_type=\"column\">\n\t\t\t<div class=\"elementor-widget-wrap elementor-element-populated\">\n\t\t\t\t\t\t<div class=\"elementor-element elementor-element-8f6b21b elementor-widget elementor-widget-image\" data-id=\"8f6b21b\" data-element_type=\"widget\" data-settings=\"{&quot;ekit_we_effect_on&quot;:&quot;none&quot;}\" data-widget_type=\"image.default\">\n\t\t\t\t<div class=\"elementor-widget-container\">\n\t\t\t\t\t\t\t\t\t\t\t\t\t<img fetchpriority=\"high\" decoding=\"async\" width=\"800\" height=\"450\" src=\"https:\/\/2024.adventupuli.hr\/wp-content\/uploads\/2024\/12\/12-1024x576.jpg\" class=\"attachment-large size-large wp-image-19860\" alt=\"\" srcset=\"https:\/\/2024.adventupuli.hr\/wp-content\/uploads\/2024\/12\/12-1024x576.jpg 1024w, https:\/\/2024.adventupuli.hr\/wp-content\/uploads\/2024\/12\/12-300x169.jpg 300w, https:\/\/2024.adventupuli.hr\/wp-content\/uploads\/2024\/12\/12-768x432.jpg 768w, https:\/\/2024.adventupuli.hr\/wp-content\/uploads\/2024\/12\/12-1536x864.jpg 1536w, https:\/\/2024.adventupuli.hr\/wp-content\/uploads\/2024\/12\/12-2048x1152.jpg 2048w\" sizes=\"(max-width: 800px) 100vw, 800px\" \/>\t\t\t\t\t\t\t\t\t\t\t\t\t<\/div>\n\t\t\t\t<\/div>\n\t\t\t\t\t<\/div>\n\t\t<\/div>\n\t\t\t\t\t<\/div>\n\t\t<\/section>\n\t\t\t\t<section class=\"elementor-section elementor-top-section elementor-element elementor-element-30f9b45 elementor-section-boxed elementor-section-height-default elementor-section-height-default\" data-id=\"30f9b45\" data-element_type=\"section\">\n\t\t\t\t\t\t<div class=\"elementor-container elementor-column-gap-default\">\n\t\t\t\t\t<div class=\"elementor-column elementor-col-100 elementor-top-column elementor-element elementor-element-8ede191\" data-id=\"8ede191\" data-element_type=\"column\">\n\t\t\t<div class=\"elementor-widget-wrap elementor-element-populated\">\n\t\t\t\t\t\t<div class=\"elementor-element elementor-element-ba391fd elementor-widget elementor-widget-text-editor\" data-id=\"ba391fd\" data-element_type=\"widget\" data-settings=\"{&quot;ekit_we_effect_on&quot;:&quot;none&quot;}\" data-widget_type=\"text-editor.default\">\n\t\t\t\t<div class=\"elementor-widget-container\">\n\t\t\t\t\t\t\t<p style=\"text-align: justify;\"><span lang=\"IT\">L\u2019iniziativa \u00e8 stata promossa dalla societ\u00e0 Inspiro Lab, gli autori dell\u2019Avvento all\u2019Arena, e dagli organizzatori dell\u2019Avvento a Pola, JU Pula Film Festival, con il supporto degli sponsor, la Citt\u00e0 di Pola e l\u2019Ente per il turismo della citt\u00e0 di Pola. Con questo gesto, hanno voluto portare un frammento della magia natalizia in un luogo dove pu\u00f2 essere particolarmente necessaria. Il presepe, oltre a rappresentare un segno di riconoscenza per il lavoro del personale ospedaliero, \u00e8 stato pensato per strappare un sorriso e regalare un po\u2019 di speranza ai pazienti.<\/span><\/p>\t\t\t\t\t\t<\/div>\n\t\t\t\t<\/div>\n\t\t\t\t\t<\/div>\n\t\t<\/div>\n\t\t\t\t\t<\/div>\n\t\t<\/section>\n\t\t\t\t<section class=\"elementor-section elementor-top-section elementor-element elementor-element-cb14a15 elementor-section-boxed elementor-section-height-default elementor-section-height-default\" data-id=\"cb14a15\" data-element_type=\"section\">\n\t\t\t\t\t\t<div class=\"elementor-container elementor-column-gap-default\">\n\t\t\t\t\t<div class=\"elementor-column elementor-col-100 elementor-top-column elementor-element elementor-element-dd9bc68\" data-id=\"dd9bc68\" data-element_type=\"column\">\n\t\t\t<div class=\"elementor-widget-wrap elementor-element-populated\">\n\t\t\t\t\t\t<div class=\"elementor-element elementor-element-5c66ac8 elementor-widget elementor-widget-image\" data-id=\"5c66ac8\" data-element_type=\"widget\" data-settings=\"{&quot;ekit_we_effect_on&quot;:&quot;none&quot;}\" data-widget_type=\"image.default\">\n\t\t\t\t<div class=\"elementor-widget-container\">\n\t\t\t\t\t\t\t\t\t\t\t\t\t<img decoding=\"async\" width=\"800\" height=\"469\" src=\"https:\/\/2024.adventupuli.hr\/wp-content\/uploads\/2024\/12\/3.png\" class=\"attachment-large size-large wp-image-19863\" alt=\"\" srcset=\"https:\/\/2024.adventupuli.hr\/wp-content\/uploads\/2024\/12\/3.png 992w, https:\/\/2024.adventupuli.hr\/wp-content\/uploads\/2024\/12\/3-300x176.png 300w, https:\/\/2024.adventupuli.hr\/wp-content\/uploads\/2024\/12\/3-768x450.png 768w\" sizes=\"(max-width: 800px) 100vw, 800px\" \/>\t\t\t\t\t\t\t\t\t\t\t\t\t<\/div>\n\t\t\t\t<\/div>\n\t\t\t\t\t<\/div>\n\t\t<\/div>\n\t\t\t\t\t<\/div>\n\t\t<\/section>\n\t\t\t\t<section class=\"elementor-section elementor-top-section elementor-element elementor-element-4424e12 elementor-section-boxed elementor-section-height-default elementor-section-height-default\" data-id=\"4424e12\" data-element_type=\"section\">\n\t\t\t\t\t\t<div class=\"elementor-container elementor-column-gap-default\">\n\t\t\t\t\t<div class=\"elementor-column elementor-col-100 elementor-top-column elementor-element elementor-element-f7243cf\" data-id=\"f7243cf\" data-element_type=\"column\">\n\t\t\t<div class=\"elementor-widget-wrap elementor-element-populated\">\n\t\t\t\t\t\t<div class=\"elementor-element elementor-element-04c4066 elementor-widget elementor-widget-text-editor\" data-id=\"04c4066\" data-element_type=\"widget\" data-settings=\"{&quot;ekit_we_effect_on&quot;:&quot;none&quot;}\" data-widget_type=\"text-editor.default\">\n\t\t\t\t<div class=\"elementor-widget-container\">\n\t\t\t\t\t\t\t<p style=\"text-align: justify;\"><span lang=\"IT\">Il presepe occupa un\u2019area di 4 metri quadrati e include oltre 500 elementi realizzati a mano, alcuni dei quali animati, arricchiti da effetti luminosi che ne esaltano l\u2019atmosfera. La scena rappresenta 125 figurine disposte in un villaggio di Betlemme, composto da 12 case e la tradizionale stalla con Ges\u00f9, Maria e Giuseppe. Tra le altre ambientazioni, si possono ammirare laboratori di artigiani, ponti, un piccolo mercato, grotte illuminate con animali, piazze animate da scene di vita quotidiana, una cascata e persino suggestivi effetti di fuoco.<\/span><\/p>\t\t\t\t\t\t<\/div>\n\t\t\t\t<\/div>\n\t\t\t\t\t<\/div>\n\t\t<\/div>\n\t\t\t\t\t<\/div>\n\t\t<\/section>\n\t\t\t\t<section class=\"elementor-section elementor-top-section elementor-element elementor-element-9713370 elementor-section-boxed elementor-section-height-default elementor-section-height-default\" data-id=\"9713370\" data-element_type=\"section\">\n\t\t\t\t\t\t<div class=\"elementor-container elementor-column-gap-default\">\n\t\t\t\t\t<div class=\"elementor-column elementor-col-100 elementor-top-column elementor-element elementor-element-5fb2937\" data-id=\"5fb2937\" data-element_type=\"column\">\n\t\t\t<div class=\"elementor-widget-wrap elementor-element-populated\">\n\t\t\t\t\t\t<div class=\"elementor-element elementor-element-2e5eb8e elementor-widget elementor-widget-image\" data-id=\"2e5eb8e\" data-element_type=\"widget\" data-settings=\"{&quot;ekit_we_effect_on&quot;:&quot;none&quot;}\" data-widget_type=\"image.default\">\n\t\t\t\t<div class=\"elementor-widget-container\">\n\t\t\t\t\t\t\t\t\t\t\t\t\t<img decoding=\"async\" width=\"800\" height=\"450\" src=\"https:\/\/2024.adventupuli.hr\/wp-content\/uploads\/2024\/12\/2-1024x576.jpg\" class=\"attachment-large size-large wp-image-19866\" alt=\"\" srcset=\"https:\/\/2024.adventupuli.hr\/wp-content\/uploads\/2024\/12\/2-1024x576.jpg 1024w, https:\/\/2024.adventupuli.hr\/wp-content\/uploads\/2024\/12\/2-300x169.jpg 300w, https:\/\/2024.adventupuli.hr\/wp-content\/uploads\/2024\/12\/2-768x432.jpg 768w, https:\/\/2024.adventupuli.hr\/wp-content\/uploads\/2024\/12\/2-1536x864.jpg 1536w, https:\/\/2024.adventupuli.hr\/wp-content\/uploads\/2024\/12\/2-2048x1152.jpg 2048w\" sizes=\"(max-width: 800px) 100vw, 800px\" \/>\t\t\t\t\t\t\t\t\t\t\t\t\t<\/div>\n\t\t\t\t<\/div>\n\t\t\t\t\t<\/div>\n\t\t<\/div>\n\t\t\t\t\t<\/div>\n\t\t<\/section>\n\t\t\t\t<section class=\"elementor-section elementor-top-section elementor-element elementor-element-c5c58f6 elementor-section-boxed elementor-section-height-default elementor-section-height-default\" data-id=\"c5c58f6\" data-element_type=\"section\">\n\t\t\t\t\t\t<div class=\"elementor-container elementor-column-gap-default\">\n\t\t\t\t\t<div class=\"elementor-column elementor-col-100 elementor-top-column elementor-element elementor-element-bb11fca\" data-id=\"bb11fca\" data-element_type=\"column\">\n\t\t\t<div class=\"elementor-widget-wrap elementor-element-populated\">\n\t\t\t\t\t\t<div class=\"elementor-element elementor-element-2d64886 elementor-widget elementor-widget-text-editor\" data-id=\"2d64886\" data-element_type=\"widget\" data-settings=\"{&quot;ekit_we_effect_on&quot;:&quot;none&quot;}\" data-widget_type=\"text-editor.default\">\n\t\t\t\t<div class=\"elementor-widget-container\">\n\t\t\t\t\t\t\t<p style=\"text-align: justify;\"><span lang=\"IT\">In questa occasione, gli scout di Pola &#8220;Istra&#8221; hanno portato la Luce di Betlemme, simbolo di pace, amore, speranza, amicizia e solidariet\u00e0, per sottolineare il significato profondo di queste festivit\u00e0. Durante la cerimonia, i ringraziamenti sono stati espressi dal direttore dell\u2019ospedale, Andrej Angelini, dalla vicedirettrice, Daniela Fabris-Vitkovi\u0107, dalla caposala, Keti Glava\u0161, e dalla responsabile dell\u2019ufficio di direzione, Petra Dobri\u0107.<\/span><\/p>\t\t\t\t\t\t<\/div>\n\t\t\t\t<\/div>\n\t\t\t\t\t<\/div>\n\t\t<\/div>\n\t\t\t\t\t<\/div>\n\t\t<\/section>\n\t\t\t\t<\/div>\n\t\t","protected":false},"excerpt":{"rendered":"<p>Un gesto di grande sensibilit\u00e0 da parte degli organizzatori di Avvento in Arena! Da oggi, l\u2019ospedale generale di Pola accoglie un presepe natalizio unico nel suo genere, pensato per portare un tocco di gioia e serenit\u00e0 durante le festivit\u00e0 a chi si trova a trascorrere questo periodo in ospedale, sia come paziente che come operatore [&hellip;]<\/p>\n","protected":false},"author":1,"featured_media":19856,"comment_status":"open","ping_status":"open","sticky":false,"template":"","format":"standard","meta":{"_acf_changed":false,"footnotes":""},"categories":[250],"tags":[],"class_list":["post-19870","post","type-post","status-publish","format-standard","has-post-thumbnail","hentry","category-notizie"],"aioseo_notices":[],"acf":[],"_links":{"self":[{"href":"https:\/\/2024.adventupuli.hr\/it\/wp-json\/wp\/v2\/posts\/19870"}],"collection":[{"href":"https:\/\/2024.adventupuli.hr\/it\/wp-json\/wp\/v2\/posts"}],"about":[{"href":"https:\/\/2024.adventupuli.hr\/it\/wp-json\/wp\/v2\/types\/post"}],"author":[{"embeddable":true,"href":"https:\/\/2024.adventupuli.hr\/it\/wp-json\/wp\/v2\/users\/1"}],"replies":[{"embeddable":true,"href":"https:\/\/2024.adventupuli.hr\/it\/wp-json\/wp\/v2\/comments?post=19870"}],"version-history":[{"count":4,"href":"https:\/\/2024.adventupuli.hr\/it\/wp-json\/wp\/v2\/posts\/19870\/revisions"}],"predecessor-version":[{"id":19874,"href":"https:\/\/2024.adventupuli.hr\/it\/wp-json\/wp\/v2\/posts\/19870\/revisions\/19874"}],"wp:featuredmedia":[{"embeddable":true,"href":"https:\/\/2024.adventupuli.hr\/it\/wp-json\/wp\/v2\/media\/19856"}],"wp:attachment":[{"href":"https:\/\/2024.adventupuli.hr\/it\/wp-json\/wp\/v2\/media?parent=19870"}],"wp:term":[{"taxonomy":"category","embeddable":true,"href":"https:\/\/2024.adventupuli.hr\/it\/wp-json\/wp\/v2\/categories?post=19870"},{"taxonomy":"post_tag","embeddable":true,"href":"https:\/\/2024.adventupuli.hr\/it\/wp-json\/wp\/v2\/tags?post=19870"}],"curies":[{"name":"wp","href":"https:\/\/api.w.org\/{rel}","templated":true}]}}