{"id":20338,"date":"2024-12-23T16:27:28","date_gmt":"2024-12-23T15:27:28","guid":{"rendered":"https:\/\/2024.adventupuli.hr\/mnostvo-zabave-prije-velike-zavrsnice\/"},"modified":"2024-12-24T10:26:27","modified_gmt":"2024-12-24T09:26:27","slug":"mnostvo-zabave-prije-velike-zavrsnice","status":"publish","type":"post","link":"https:\/\/2024.adventupuli.hr\/it\/mnostvo-zabave-prije-velike-zavrsnice\/","title":{"rendered":"Tanto divertimento prima del gran finale"},"content":{"rendered":"\t\t<div data-elementor-type=\"wp-post\" data-elementor-id=\"20338\" class=\"elementor elementor-20338 elementor-20204\">\n\t\t\t\t\t\t<section class=\"elementor-section elementor-top-section elementor-element elementor-element-38fcb17 elementor-section-boxed elementor-section-height-default elementor-section-height-default\" data-id=\"38fcb17\" data-element_type=\"section\">\n\t\t\t\t\t\t<div class=\"elementor-container elementor-column-gap-default\">\n\t\t\t\t\t<div class=\"elementor-column elementor-col-100 elementor-top-column elementor-element elementor-element-1f07a4b\" data-id=\"1f07a4b\" data-element_type=\"column\">\n\t\t\t<div class=\"elementor-widget-wrap elementor-element-populated\">\n\t\t\t\t\t\t<div class=\"elementor-element elementor-element-bec3709 elementor-widget elementor-widget-text-editor\" data-id=\"bec3709\" data-element_type=\"widget\" data-settings=\"{&quot;ekit_we_effect_on&quot;:&quot;none&quot;}\" data-widget_type=\"text-editor.default\">\n\t\t\t\t<div class=\"elementor-widget-container\">\n\t\t\t\t\t\t\t<p style=\"text-align: justify;\">La prossima settimana dell&#8217;Avvento promette un ricco calendario di eventi imperdibili, con pomeriggi e serate animate da una variet\u00e0 di programmi per tutti i gusti. I pi\u00f9 piccoli potranno lasciarsi incantare dai racconti di Babbo Natale, assistere alla performance rock di Zoe \u0160estan e godersi una serie di spettacoli natalizi.<\/p>\t\t\t\t\t\t<\/div>\n\t\t\t\t<\/div>\n\t\t\t\t\t<\/div>\n\t\t<\/div>\n\t\t\t\t\t<\/div>\n\t\t<\/section>\n\t\t\t\t<section class=\"elementor-section elementor-top-section elementor-element elementor-element-67bb926 elementor-section-boxed elementor-section-height-default elementor-section-height-default\" data-id=\"67bb926\" data-element_type=\"section\">\n\t\t\t\t\t\t<div class=\"elementor-container elementor-column-gap-default\">\n\t\t\t\t\t<div class=\"elementor-column elementor-col-100 elementor-top-column elementor-element elementor-element-4ae4aea\" data-id=\"4ae4aea\" data-element_type=\"column\">\n\t\t\t<div class=\"elementor-widget-wrap elementor-element-populated\">\n\t\t\t\t\t\t<div class=\"elementor-element elementor-element-c23b7ed elementor-widget elementor-widget-image\" data-id=\"c23b7ed\" data-element_type=\"widget\" data-settings=\"{&quot;ekit_we_effect_on&quot;:&quot;none&quot;}\" data-widget_type=\"image.default\">\n\t\t\t\t<div class=\"elementor-widget-container\">\n\t\t\t\t\t\t\t\t\t\t\t\t\t<img fetchpriority=\"high\" decoding=\"async\" width=\"800\" height=\"534\" src=\"https:\/\/2024.adventupuli.hr\/wp-content\/uploads\/2024\/12\/Park-grada-Graza-1024x683.jpg\" class=\"attachment-large size-large wp-image-20212\" alt=\"\" srcset=\"https:\/\/2024.adventupuli.hr\/wp-content\/uploads\/2024\/12\/Park-grada-Graza-1024x683.jpg 1024w, https:\/\/2024.adventupuli.hr\/wp-content\/uploads\/2024\/12\/Park-grada-Graza-300x200.jpg 300w, https:\/\/2024.adventupuli.hr\/wp-content\/uploads\/2024\/12\/Park-grada-Graza-768x512.jpg 768w, https:\/\/2024.adventupuli.hr\/wp-content\/uploads\/2024\/12\/Park-grada-Graza-1536x1024.jpg 1536w, https:\/\/2024.adventupuli.hr\/wp-content\/uploads\/2024\/12\/Park-grada-Graza.jpg 1620w\" sizes=\"(max-width: 800px) 100vw, 800px\" \/>\t\t\t\t\t\t\t\t\t\t\t\t\t<\/div>\n\t\t\t\t<\/div>\n\t\t\t\t\t<\/div>\n\t\t<\/div>\n\t\t\t\t\t<\/div>\n\t\t<\/section>\n\t\t\t\t<section class=\"elementor-section elementor-top-section elementor-element elementor-element-ef891f2 elementor-section-boxed elementor-section-height-default elementor-section-height-default\" data-id=\"ef891f2\" data-element_type=\"section\">\n\t\t\t\t\t\t<div class=\"elementor-container elementor-column-gap-default\">\n\t\t\t\t\t<div class=\"elementor-column elementor-col-100 elementor-top-column elementor-element elementor-element-bee374b\" data-id=\"bee374b\" data-element_type=\"column\">\n\t\t\t<div class=\"elementor-widget-wrap elementor-element-populated\">\n\t\t\t\t\t\t<div class=\"elementor-element elementor-element-e6e3d14 elementor-widget elementor-widget-text-editor\" data-id=\"e6e3d14\" data-element_type=\"widget\" data-settings=\"{&quot;ekit_we_effect_on&quot;:&quot;none&quot;}\" data-widget_type=\"text-editor.default\">\n\t\t\t\t<div class=\"elementor-widget-container\">\n\t\t\t\t\t\t\t<p style=\"text-align: justify;\">La Vigilia di Natale al Mercato di Pola sar\u00e0 dedicata al tradizionale concerto di Vesna Ne\u017ei\u0107 Ru\u017ei\u0107 e degli Anelidi, accompagnato dalla preparazione della Grande Padella: un&#8217;occasione speciale in cui i cittadini potranno gustare gratuitamente un delizioso risotto ai frutti di mare.<\/p>\t\t\t\t\t\t<\/div>\n\t\t\t\t<\/div>\n\t\t\t\t\t<\/div>\n\t\t<\/div>\n\t\t\t\t\t<\/div>\n\t\t<\/section>\n\t\t\t\t<section class=\"elementor-section elementor-top-section elementor-element elementor-element-0c29bca elementor-section-boxed elementor-section-height-default elementor-section-height-default\" data-id=\"0c29bca\" data-element_type=\"section\">\n\t\t\t\t\t\t<div class=\"elementor-container elementor-column-gap-default\">\n\t\t\t\t\t<div class=\"elementor-column elementor-col-100 elementor-top-column elementor-element elementor-element-5965f46\" data-id=\"5965f46\" data-element_type=\"column\">\n\t\t\t<div class=\"elementor-widget-wrap elementor-element-populated\">\n\t\t\t\t\t\t<div class=\"elementor-element elementor-element-f3cd0c3 elementor-widget elementor-widget-image\" data-id=\"f3cd0c3\" data-element_type=\"widget\" data-settings=\"{&quot;ekit_we_effect_on&quot;:&quot;none&quot;}\" data-widget_type=\"image.default\">\n\t\t\t\t<div class=\"elementor-widget-container\">\n\t\t\t\t\t\t\t\t\t\t\t\t\t<img decoding=\"async\" width=\"800\" height=\"534\" src=\"https:\/\/2024.adventupuli.hr\/wp-content\/uploads\/2024\/12\/Trznica-velika-padela-1024x683.jpg\" class=\"attachment-large size-large wp-image-20215\" alt=\"\" srcset=\"https:\/\/2024.adventupuli.hr\/wp-content\/uploads\/2024\/12\/Trznica-velika-padela-1024x683.jpg 1024w, https:\/\/2024.adventupuli.hr\/wp-content\/uploads\/2024\/12\/Trznica-velika-padela-300x200.jpg 300w, https:\/\/2024.adventupuli.hr\/wp-content\/uploads\/2024\/12\/Trznica-velika-padela-768x512.jpg 768w, https:\/\/2024.adventupuli.hr\/wp-content\/uploads\/2024\/12\/Trznica-velika-padela-1536x1024.jpg 1536w, https:\/\/2024.adventupuli.hr\/wp-content\/uploads\/2024\/12\/Trznica-velika-padela.jpg 1620w\" sizes=\"(max-width: 800px) 100vw, 800px\" \/>\t\t\t\t\t\t\t\t\t\t\t\t\t<\/div>\n\t\t\t\t<\/div>\n\t\t\t\t\t<\/div>\n\t\t<\/div>\n\t\t\t\t\t<\/div>\n\t\t<\/section>\n\t\t\t\t<section class=\"elementor-section elementor-top-section elementor-element elementor-element-714633b elementor-section-boxed elementor-section-height-default elementor-section-height-default\" data-id=\"714633b\" data-element_type=\"section\">\n\t\t\t\t\t\t<div class=\"elementor-container elementor-column-gap-default\">\n\t\t\t\t\t<div class=\"elementor-column elementor-col-100 elementor-top-column elementor-element elementor-element-3abe463\" data-id=\"3abe463\" data-element_type=\"column\">\n\t\t\t<div class=\"elementor-widget-wrap elementor-element-populated\">\n\t\t\t\t\t\t<div class=\"elementor-element elementor-element-dc2bc9e elementor-widget elementor-widget-text-editor\" data-id=\"dc2bc9e\" data-element_type=\"widget\" data-settings=\"{&quot;ekit_we_effect_on&quot;:&quot;none&quot;}\" data-widget_type=\"text-editor.default\">\n\t\t\t\t<div class=\"elementor-widget-container\">\n\t\t\t\t\t\t\t<p>Per gli abitanti di Pola e i suoi visitatori, la Piazza Port\u2019Aurea ospiter\u00e0 numerosi concerti con artisti e band del calibro di Denis &amp; Denis, Queen Sensation, Freaktion, Pocket Palma, Kawasaki 3P, Urban &amp; 4 e Klapa Cambi. A causa di problemi di salute, Konstrakta &amp; Zemlja Groove non si esibiranno il 30 dicembre, ma al loro posto saliranno sul palco i leggendari Let3.<\/p><p>Il programma musicale ai Giardini sar\u00e0 arricchito dalla presenza di DJ, mentre al Foro si potranno ascoltare artisti e gruppi come Sonja i 6 Mamurluka, Branko Sterpin &#8211; Timo Lassy Quintet, Side Effects, Medea e Tedi Grubica, St. Thomas Quintet e Ivon Fabris<\/p>\t\t\t\t\t\t<\/div>\n\t\t\t\t<\/div>\n\t\t\t\t\t<\/div>\n\t\t<\/div>\n\t\t\t\t\t<\/div>\n\t\t<\/section>\n\t\t\t\t<\/div>\n\t\t","protected":false},"excerpt":{"rendered":"<p>La prossima settimana dell&#8217;Avvento promette un ricco calendario di eventi imperdibili, con pomeriggi e serate animate da una variet\u00e0 di programmi per tutti i gusti. I pi\u00f9 piccoli potranno lasciarsi incantare dai racconti di Babbo Natale, assistere alla performance rock di Zoe \u0160estan e godersi una serie di spettacoli natalizi. La Vigilia di Natale al [&hellip;]<\/p>\n","protected":false},"author":1,"featured_media":20208,"comment_status":"open","ping_status":"open","sticky":false,"template":"","format":"standard","meta":{"_acf_changed":false,"footnotes":""},"categories":[250],"tags":[],"class_list":["post-20338","post","type-post","status-publish","format-standard","has-post-thumbnail","hentry","category-notizie"],"aioseo_notices":[],"acf":[],"_links":{"self":[{"href":"https:\/\/2024.adventupuli.hr\/it\/wp-json\/wp\/v2\/posts\/20338"}],"collection":[{"href":"https:\/\/2024.adventupuli.hr\/it\/wp-json\/wp\/v2\/posts"}],"about":[{"href":"https:\/\/2024.adventupuli.hr\/it\/wp-json\/wp\/v2\/types\/post"}],"author":[{"embeddable":true,"href":"https:\/\/2024.adventupuli.hr\/it\/wp-json\/wp\/v2\/users\/1"}],"replies":[{"embeddable":true,"href":"https:\/\/2024.adventupuli.hr\/it\/wp-json\/wp\/v2\/comments?post=20338"}],"version-history":[{"count":4,"href":"https:\/\/2024.adventupuli.hr\/it\/wp-json\/wp\/v2\/posts\/20338\/revisions"}],"predecessor-version":[{"id":20342,"href":"https:\/\/2024.adventupuli.hr\/it\/wp-json\/wp\/v2\/posts\/20338\/revisions\/20342"}],"wp:featuredmedia":[{"embeddable":true,"href":"https:\/\/2024.adventupuli.hr\/it\/wp-json\/wp\/v2\/media\/20208"}],"wp:attachment":[{"href":"https:\/\/2024.adventupuli.hr\/it\/wp-json\/wp\/v2\/media?parent=20338"}],"wp:term":[{"taxonomy":"category","embeddable":true,"href":"https:\/\/2024.adventupuli.hr\/it\/wp-json\/wp\/v2\/categories?post=20338"},{"taxonomy":"post_tag","embeddable":true,"href":"https:\/\/2024.adventupuli.hr\/it\/wp-json\/wp\/v2\/tags?post=20338"}],"curies":[{"name":"wp","href":"https:\/\/api.w.org\/{rel}","templated":true}]}}